{"id":498161,"date":"2026-01-20T17:40:00","date_gmt":"2026-01-20T21:40:00","guid":{"rendered":"https:\/\/deultimominuto.net\/en\/uncategorized\/they-took-away-a-child-worker-family-cries-out-for-justice-for-the-death-of-miguel-angel-17-years-old\/"},"modified":"2026-01-20T17:40:00","modified_gmt":"2026-01-20T21:40:00","slug":"they-took-away-a-child-worker-family-cries-out-for-justice-for-the-death-of-miguel-angel-17-years-old","status":"publish","type":"post","link":"https:\/\/deultimominuto.com\/en\/uncategorized\/they-took-away-a-child-worker-family-cries-out-for-justice-for-the-death-of-miguel-angel-17-years-old\/","title":{"rendered":"\u201cThey took away a child worker\u201d: family cries out for justice for the death of Miguel \u00c1ngel, 17 years old"},"content":{"rendered":"\n<p class=\"wp-block-paragraph\"><strong>Santo Domingo.\u2013<\/strong> With a broken voice and amidst a pain they describe as \u201ca nightmare\u201d, family and coworkers of Miguel \u00c1ngel Mart\u00ednez S\u00e1nchez, 17 years old, demanded justice for the death of the teenager, who received a shot in the chest during an altercation in which the person responsible would allegedly be a member of the National Police after firing into the air in the midst of the dispute with motorcyclists.<\/p>\n\n\nThe family insists that Miguel \u00c1ngel was a humble, obedient, and hardworking boy, who was just &#8220;making a living&#8221; by washing cars and dreamed of making his way in baseball, which was not possible.\n\n&#8220;We wish it were a dream and to wake up from this terrible nightmare,&#8221; expressed his aunt Belkis, recalling that the young man was part of a very close-knit family and that his absence has left an irreversible void.\n\n\n<h5 class=\"wp-block-heading\"><strong>We recommend reading: <a href=\"https:\/\/ab.deultimominuto.net\/nacionales\/muertes-violentas-en-navidad\/\" target=\"_blank\" rel=\"noopener\">Violent deaths shake communities in the country during Christmas week<\/a><\/strong><\/h5>\n\n\n&#8220;We are not going to have a family outing like we used to&#8230; not even a Christmas.&#8221;\n\nHis relatives and colleagues say that Miguel \u00c1ngel was respectful and supportive, with good behavior and good references even among clients of the car wash: &#8220;he wanted to become a great baseball player and played baseball&#8230; unfortunately he couldn&#8217;t make it and dedicated himself to washing cars,&#8221; said his aunt.\n\nGrandmother: &#8220;Nobody can be above the law&#8221;\n\nHer grandmother, Mrs. Austria, stated that the authorities have told them that they are &#8220;working on it&#8221;, but demanded results and sanctions\u2026 &#8220;My son was a hardworking boy\u2026 obedient\u2026 he never spoke back to me,&#8221; she declared.\n\nHe assured that, although they are a humble family, they will not accept impunity.\n\n\n<h5 class=\"wp-block-heading\"><strong>You can also read: <a href=\"https:\/\/ab.deultimominuto.net\/nacionales\/muerte-de-joven-en-villa-gonzalez\/\" target=\"_blank\" rel=\"noopener\">Family demands independent investigation into the death of a young man in Villa Gonz\u00e1lez<\/a><\/strong><\/h5>\n\n\n&#8220;Maybe that person has money, but no one can go above the law&#8230; that man should pay for what he did.&#8221;\n\nThe accounts from the laundry room are chilling. Brian Alexander, the young man&#8217;s companion, said that Miguel \u00c1ngel agonized in front of them after being shot. &#8220;He told me to take him, not to let him die&#8230; and he died.&#8221;\n\nOther workers insist that Miguel \u00c1ngel was not involved in the conflict, but approached because he believed it was a vehicle collision.\n\n&#8220;He heard a commotion&#8230; he thought it was an accident&#8230; when he realized it, he had already been hit,&#8221; narrated another colleague.\n\nAmidst the crying, the laundry employees asserted that the death could have been avoided and that the young man was just a victim of being &#8220;in the wrong place.&#8221;\n\nAccording to the testimonies, and a video that went viral on social media, the driver of a Gipeta would have fired shots into the air and one hit the teenager. It was also indicated that the person responsible would allegedly be a member of the National Police.\n\n\n<h5 class=\"wp-block-heading\">You may be interested in:<a href=\"https:\/\/ab.deultimominuto.net\/nacionales\/comunitarios-protestan-2\/\" target=\"_blank\" rel=\"noopener\">Community members protest indignantly over the death of a young man run over by a police patrol in Villa Gonz\u00e1lez<\/a><\/h5>\n\n\nFamily and colleagues report that they have not received a clear answer as to whether the person who fired the shot is under arrest.\n\n&#8220;They only say that he surrendered, but we don&#8217;t have the exact details&#8230; justice here is only for the rich,&#8221; they claimed.\n\nThe laundry remained closed until its burial in the Cristo Redentor cemetery, and this Tuesday the workers resumed work with the same claim: justice.","protected":false},"excerpt":{"rendered":"<p>Santo Domingo.\u2013 With a broken voice and amidst a pain they describe as \u201ca nightmare\u201d, family and coworkers of Miguel \u00c1ngel Mart\u00ednez S\u00e1nchez, 17 years old, demanded justice for the death of the teenager, who received a shot in the chest during an altercation in which the person responsible would allegedly be a member of [&hellip;]<\/p>\n","protected":false},"author":111,"featured_media":0,"comment_status":"open","ping_status":"open","sticky":false,"template":"","format":"standard","meta":{"_acf_changed":false,"_jetpack_newsletter_access":"","_jetpack_dont_email_post_to_subs":false,"_jetpack_newsletter_tier_id":0,"_jetpack_memberships_contains_paywalled_content":false,"_jetpack_memberships_contains_paid_content":false,"footnotes":"","_members_access_role":[],"_members_access_error":""},"categories":[1],"tags":[],"class_list":["post-498161","post","type-post","status-publish","format-standard","category-uncategorized"],"acf":[],"jetpack_sharing_enabled":true,"jetpack_shortlink":"https:\/\/wp.me\/phj1q1-25AR","jetpack_featured_media_url":"","dum_api":{"author_name":"Ana Laura L\u00f3pez","author_image":"https:\/\/deultimominuto.com\/wp-content\/uploads\/2025\/01\/cropped-WhatsApp-Image-2025-01-29-at-1.45.56-PM-96x96.jpeg","categories_name":["Uncategorized"],"featured_media_url":null},"_links":{"self":[{"href":"https:\/\/deultimominuto.com\/en\/wp-json\/wp\/v2\/posts\/498161","targetHints":{"allow":["GET"]}}],"collection":[{"href":"https:\/\/deultimominuto.com\/en\/wp-json\/wp\/v2\/posts"}],"about":[{"href":"https:\/\/deultimominuto.com\/en\/wp-json\/wp\/v2\/types\/post"}],"author":[{"embeddable":true,"href":"https:\/\/deultimominuto.com\/en\/wp-json\/wp\/v2\/users\/111"}],"replies":[{"embeddable":true,"href":"https:\/\/deultimominuto.com\/en\/wp-json\/wp\/v2\/comments?post=498161"}],"version-history":[{"count":0,"href":"https:\/\/deultimominuto.com\/en\/wp-json\/wp\/v2\/posts\/498161\/revisions"}],"wp:attachment":[{"href":"https:\/\/deultimominuto.com\/en\/wp-json\/wp\/v2\/media?parent=498161"}],"wp:term":[{"taxonomy":"category","embeddable":true,"href":"https:\/\/deultimominuto.com\/en\/wp-json\/wp\/v2\/categories?post=498161"},{"taxonomy":"post_tag","embeddable":true,"href":"https:\/\/deultimominuto.com\/en\/wp-json\/wp\/v2\/tags?post=498161"}],"curies":[{"name":"wp","href":"https:\/\/api.w.org\/{rel}","templated":true}]}}