{"id":498429,"date":"2026-01-23T20:10:55","date_gmt":"2026-01-24T00:10:55","guid":{"rendered":"https:\/\/deultimominuto.net\/en\/uncategorized\/puerto-rico-philharmonic-orchestra-to-pay-symphonic-tribute-to-bad-bunnys-repertoire-in-february\/"},"modified":"2026-01-23T20:15:07","modified_gmt":"2026-01-24T00:15:07","slug":"puerto-rico-philharmonic-orchestra-to-pay-symphonic-tribute-to-bad-bunnys-repertoire-in-february","status":"publish","type":"post","link":"https:\/\/deultimominuto.com\/en\/entertainment\/puerto-rico-philharmonic-orchestra-to-pay-symphonic-tribute-to-bad-bunnys-repertoire-in-february\/","title":{"rendered":"Puerto Rico Philharmonic Orchestra to pay symphonic tribute to Bad Bunny&#8217;s repertoire in February"},"content":{"rendered":"<strong>San Juan<\/strong>. \u2013 The Arturo Somohano Philharmonic Orchestra of Puerto Rico will present a symphonic tribute to the repertoire of urban artist Bad Bunny in February, in a concert that will bring his music to the philharmonic format and will be staged at the Centro de Bellas Artes de Santurce.\n\nThe show, titled &#8220;Benito Philharmonic,&#8221; will be conducted by maestro Jos\u00e9 Manuel Febus and is part of the tribute concert series that the <a href=\"https:\/\/www.ofbpr.org\/conciertostemporadas\" data-type=\"link\" data-id=\"https:\/\/www.ofbpr.org\/conciertostemporadas\" target=\"_blank\" rel=\"noopener\">Philharmonic Orchestra<\/a> has developed in recent years, including tributes to the Swedish band ABBA and the Puerto Rican group 440.\n\nThe proposal seeks to reinterpret some of the most representative songs of <a href=\"https:\/\/www.youtube.com\/watch?v=a1Femq4NPxs&amp;list=RDEMoLvPsK3T9NUGyUtAeHSRNA&amp;start_radio=1\" data-type=\"link\" data-id=\"https:\/\/www.youtube.com\/watch?v=a1Femq4NPxs&amp;list=RDEMoLvPsK3T9NUGyUtAeHSRNA&amp;start_radio=1\" target=\"_blank\" rel=\"noopener\">Bad Bunny<\/a> from an orchestral perspective, highlighting its musical and cultural value within the contemporary landscape of Puerto Rico. For the organizers, the artist&#8217;s repertoire transcends the urban genre and is already part of the collective imagination of the country.\n\n\n<h6 class=\"wp-block-heading has-text-align-center\"><strong>You can also read: <a href=\"https:\/\/ab.deultimominuto.net\/entretenimiento\/bad-bunny-presenta\/\" target=\"_blank\" rel=\"noopener\">Bad Bunny presents a preview of his show<\/a><\/strong><\/h6>\n\n\n\n<blockquote class=\"wp-block-quote is-layout-flow wp-block-quote-is-layout-flow\">\n<p class=\"wp-block-paragraph\">\u201cMany of those songs by Benito, I know, more from being old than wise, that will become part of the standard of Puerto Rican music. Just as Preciosa, Brujer\u00eda and No hay cama pa\u2019 tanta gente and La conciencia exist, there are the songs that Benito proposed like Lo que le pas\u00f3 a Haw\u00e1i, Nueva Yol and Deb\u00ed tirar m\u00e1s fotos\u201d, expressed Rafo Mu\u00f1iz, producer of the event.<\/p>\n<\/blockquote>\n\n\nThe concert promises a different experience for the audience, by merging contemporary popular music with the sound of a symphony orchestra, reaffirming the cultural impact of Bad Bunny and his legacy in the musical history of Puerto Rico.\n\n\n<p class=\"wp-block-paragraph\"><\/p>\n","protected":false},"excerpt":{"rendered":"<p>San Juan. \u2013 The Arturo Somohano Philharmonic Orchestra of Puerto Rico will present a symphonic tribute to the repertoire of urban artist Bad Bunny in February, in a concert that will bring his music to the philharmonic format and will be staged at the Centro de Bellas Artes de Santurce. The show, titled &#8220;Benito Philharmonic,&#8221; [&hellip;]<\/p>\n","protected":false},"author":133543,"featured_media":0,"comment_status":"open","ping_status":"open","sticky":false,"template":"","format":"standard","meta":{"_acf_changed":false,"_jetpack_newsletter_access":"","_jetpack_dont_email_post_to_subs":false,"_jetpack_newsletter_tier_id":0,"_jetpack_memberships_contains_paywalled_content":false,"_jetpack_memberships_contains_paid_content":false,"footnotes":"","_members_access_role":[],"_members_access_error":""},"categories":[5],"tags":[14188,43138,671],"class_list":["post-498429","post","type-post","status-publish","format-standard","category-entertainment","tag-bad-bunny","tag-philharmonic-orchestra","tag-puerto-rico"],"acf":[],"jetpack_sharing_enabled":true,"jetpack_shortlink":"https:\/\/wp.me\/phj1q1-25Fb","jetpack_featured_media_url":"","dum_api":{"author_name":"Carolina \u00c1lvarez","author_image":"https:\/\/deultimominuto.com\/wp-content\/uploads\/2026\/05\/cropped-WhatsApp-Image-2026-05-26-at-5.31.57-PM-96x96.jpeg","categories_name":["Entertainment"],"featured_media_url":null},"_links":{"self":[{"href":"https:\/\/deultimominuto.com\/en\/wp-json\/wp\/v2\/posts\/498429","targetHints":{"allow":["GET"]}}],"collection":[{"href":"https:\/\/deultimominuto.com\/en\/wp-json\/wp\/v2\/posts"}],"about":[{"href":"https:\/\/deultimominuto.com\/en\/wp-json\/wp\/v2\/types\/post"}],"author":[{"embeddable":true,"href":"https:\/\/deultimominuto.com\/en\/wp-json\/wp\/v2\/users\/133543"}],"replies":[{"embeddable":true,"href":"https:\/\/deultimominuto.com\/en\/wp-json\/wp\/v2\/comments?post=498429"}],"version-history":[{"count":0,"href":"https:\/\/deultimominuto.com\/en\/wp-json\/wp\/v2\/posts\/498429\/revisions"}],"wp:attachment":[{"href":"https:\/\/deultimominuto.com\/en\/wp-json\/wp\/v2\/media?parent=498429"}],"wp:term":[{"taxonomy":"category","embeddable":true,"href":"https:\/\/deultimominuto.com\/en\/wp-json\/wp\/v2\/categories?post=498429"},{"taxonomy":"post_tag","embeddable":true,"href":"https:\/\/deultimominuto.com\/en\/wp-json\/wp\/v2\/tags?post=498429"}],"curies":[{"name":"wp","href":"https:\/\/api.w.org\/{rel}","templated":true}]}}