{"id":498478,"date":"2026-01-24T18:53:39","date_gmt":"2026-01-24T22:53:39","guid":{"rendered":"https:\/\/deultimominuto.net\/en\/uncategorized\/eduardo-martinez-suggests-welinton-grullon-to-direct-the-itla-after-the-dismissal-of-rafael-felix\/"},"modified":"2026-01-24T18:53:39","modified_gmt":"2026-01-24T22:53:39","slug":"eduardo-martinez-suggests-welinton-grullon-to-direct-the-itla-after-the-dismissal-of-rafael-felix","status":"publish","type":"post","link":"https:\/\/deultimominuto.com\/en\/uncategorized\/eduardo-martinez-suggests-welinton-grullon-to-direct-the-itla-after-the-dismissal-of-rafael-felix\/","title":{"rendered":"Eduardo Mart\u00ednez suggests Welinton Grull\u00f3n to direct the ITLA, after the dismissal of Rafael F\u00e9lix"},"content":{"rendered":"<strong>Santo Domingo<\/strong>.- Following the dismissal of the rector of the Instituto Tecnol\u00f3gico de las Am\u00e9ricas (ITLA), Rafael F\u00e9lix Garc\u00eda, the communicator Eduardo Mart\u00ednez recommended to the President of the Republic, Luis Abinader, to consider the leader and official Welinton Grull\u00f3n as an option to assume the direction of that academic institution.\n\nMart\u00ednez&#8217;s suggestion is based on the strategic value that Grull\u00f3n represents within the government team, according to the effective work he has been doing at Monte de Piedad.\n\nHighlighting that in Grull\u00f3n&#8217;s management, a transformation in the institution has been evidenced, focusing on efficiency, transparency, and financial growth, achieving a significant increase in income and placement of pawn loans, a historical record in non-auctioned loans and important contributions to the public treasury through auctions, positioning Monte de Piedad as a more modern entity with greater social impact.\n\n\n<h6 class=\"wp-block-heading has-text-align-center\"><strong>You can also read: <a href=\"https:\/\/ab.deultimominuto.net\/nacionales\/abinader-destituye-al-rector-itla\/\" target=\"_blank\" rel=\"noopener\">Abinader dismisses ITLA rector by decree 39-26<\/a><\/strong><\/h6>\n\n\nTherefore, given the alleged findings presented by a major media outlet in the country, in relation to the recently dismissed administration, the Instituto Tecnol\u00f3gico de las Am\u00e9ricas (ITLA) requires that whoever assumes the administration of the academic center, has academic and professional endorsement and, in turn, notable experience in the management of public affairs, which undoubtedly Wellinton Grull\u00f3n possesses.","protected":false},"excerpt":{"rendered":"<p>Santo Domingo.- Following the dismissal of the rector of the Instituto Tecnol\u00f3gico de las Am\u00e9ricas (ITLA), Rafael F\u00e9lix Garc\u00eda, the communicator Eduardo Mart\u00ednez recommended to the President of the Republic, Luis Abinader, to consider the leader and official Welinton Grull\u00f3n as an option to assume the direction of that academic institution. Mart\u00ednez&#8217;s suggestion is based [&hellip;]<\/p>\n","protected":false},"author":133543,"featured_media":0,"comment_status":"open","ping_status":"open","sticky":false,"template":"","format":"standard","meta":{"_acf_changed":false,"_jetpack_newsletter_access":"","_jetpack_dont_email_post_to_subs":false,"_jetpack_newsletter_tier_id":0,"_jetpack_memberships_contains_paywalled_content":false,"_jetpack_memberships_contains_paid_content":false,"footnotes":"","_members_access_role":[],"_members_access_error":""},"categories":[1],"tags":[],"class_list":["post-498478","post","type-post","status-publish","format-standard","category-uncategorized"],"acf":[],"jetpack_sharing_enabled":true,"jetpack_shortlink":"https:\/\/wp.me\/phj1q1-25FY","jetpack_featured_media_url":"","dum_api":{"author_name":"Carolina \u00c1lvarez","author_image":"https:\/\/deultimominuto.com\/wp-content\/uploads\/2026\/05\/cropped-WhatsApp-Image-2026-05-26-at-5.31.57-PM-96x96.jpeg","categories_name":["Uncategorized"],"featured_media_url":null},"_links":{"self":[{"href":"https:\/\/deultimominuto.com\/en\/wp-json\/wp\/v2\/posts\/498478","targetHints":{"allow":["GET"]}}],"collection":[{"href":"https:\/\/deultimominuto.com\/en\/wp-json\/wp\/v2\/posts"}],"about":[{"href":"https:\/\/deultimominuto.com\/en\/wp-json\/wp\/v2\/types\/post"}],"author":[{"embeddable":true,"href":"https:\/\/deultimominuto.com\/en\/wp-json\/wp\/v2\/users\/133543"}],"replies":[{"embeddable":true,"href":"https:\/\/deultimominuto.com\/en\/wp-json\/wp\/v2\/comments?post=498478"}],"version-history":[{"count":0,"href":"https:\/\/deultimominuto.com\/en\/wp-json\/wp\/v2\/posts\/498478\/revisions"}],"wp:attachment":[{"href":"https:\/\/deultimominuto.com\/en\/wp-json\/wp\/v2\/media?parent=498478"}],"wp:term":[{"taxonomy":"category","embeddable":true,"href":"https:\/\/deultimominuto.com\/en\/wp-json\/wp\/v2\/categories?post=498478"},{"taxonomy":"post_tag","embeddable":true,"href":"https:\/\/deultimominuto.com\/en\/wp-json\/wp\/v2\/tags?post=498478"}],"curies":[{"name":"wp","href":"https:\/\/api.w.org\/{rel}","templated":true}]}}