{"id":498582,"date":"2026-01-26T17:21:58","date_gmt":"2026-01-26T21:21:58","guid":{"rendered":"https:\/\/deultimominuto.net\/en\/uncategorized\/congressman-jhon-contreras-brings-joy-to-the-patron-saint-festivities-of-sabana-grande-de-boya\/"},"modified":"2026-01-26T17:21:58","modified_gmt":"2026-01-26T21:21:58","slug":"congressman-jhon-contreras-brings-joy-to-the-patron-saint-festivities-of-sabana-grande-de-boya","status":"publish","type":"post","link":"https:\/\/deultimominuto.com\/en\/uncategorized\/congressman-jhon-contreras-brings-joy-to-the-patron-saint-festivities-of-sabana-grande-de-boya\/","title":{"rendered":"Congressman Jhon Contreras brings joy to the Patron Saint Festivities of Sabana Grande de Boy\u00e1"},"content":{"rendered":"\n<p class=\"wp-block-paragraph\"><strong>Monte Plata.<\/strong> \u2013 In an atmosphere filled with enthusiasm, sports, and music, the deputy of the province <a href=\"https:\/\/es.wikipedia.org\/wiki\/Monte_Plata\" target=\"_blank\" rel=\"noopener\">Monte Plata<\/a>, Jhon Contreras, brought joy and healthy entertainment to the Patron Saint Festivals of the municipality of Sabana Grande de Boy\u00e1, in a day that brought together hundreds of municipal residents.<\/p>\n\n\nThe activities began in the morning with sporting events, where young people and adults participated in different disciplines, promoting recreation, community integration, and the festive spirit that characterizes these traditional celebrations.\n\nAs night fell, the energy soared with a musical spectacle that thrilled everyone present. The entertainment was provided by DJ Micky \u201cEl Tsunami,\u201d who ignited the atmosphere with a varied musical selection, setting the stage for an anticipated artistic finale.\n\n\n<p class=\"wp-block-paragraph\"><strong>You can also read:<\/strong> <a href=\"https:\/\/ab.deultimominuto.net\/nacionales\/tomas-hernandez-desmonta-discurso-de-leonel-fernandez-sobre-la-canasta-familiar\/\" target=\"_blank\" rel=\"noopener\">Tom\u00e1s Hern\u00e1ndez dismantles Leonel Fern\u00e1ndez&#8217;s speech on the family basket<\/a><\/p>\n\n\nThe grand finale of the night was performed by the popular urban artist Vakero, who performed his best-known hits, making the audience sing, dance and enjoy to the fullest. The attendees sang along to each song, living an unforgettable moment within the framework of the patron saint festivities.\n\nDuring the activity, legislator Jhon Contreras addressed the public, expressing his satisfaction at being able to share with the people of Sabana Grande de Boy\u00e1 and reaffirming his commitment to continue supporting initiatives that promote sports, culture, and healthy recreation throughout the province.\n\nWith this type of event, community unity is strengthened and the festive tradition of the municipality is kept alive, in a space where family, music and joy were the great protagonists.\n\n\n<p class=\"wp-block-paragraph\"><\/p>\n\n\nBy: Jonathan Contreras","protected":false},"excerpt":{"rendered":"<p>Monte Plata. \u2013 In an atmosphere filled with enthusiasm, sports, and music, the deputy of the province Monte Plata, Jhon Contreras, brought joy and healthy entertainment to the Patron Saint Festivals of the municipality of Sabana Grande de Boy\u00e1, in a day that brought together hundreds of municipal residents. The activities began in the morning [&hellip;]<\/p>\n","protected":false},"author":133537,"featured_media":0,"comment_status":"open","ping_status":"open","sticky":false,"template":"","format":"standard","meta":{"_acf_changed":false,"_jetpack_newsletter_access":"","_jetpack_dont_email_post_to_subs":false,"_jetpack_newsletter_tier_id":0,"_jetpack_memberships_contains_paywalled_content":false,"_jetpack_memberships_contains_paid_content":false,"footnotes":"","_members_access_role":[],"_members_access_error":""},"categories":[1],"tags":[],"class_list":["post-498582","post","type-post","status-publish","format-standard","category-uncategorized"],"acf":[],"jetpack_sharing_enabled":true,"jetpack_shortlink":"https:\/\/wp.me\/phj1q1-25HE","jetpack_featured_media_url":"","dum_api":{"author_name":"Paola Castillo","author_image":"https:\/\/deultimominuto.com\/wp-content\/uploads\/2025\/10\/cropped-paola-castillo-f-96x96.jpg","categories_name":["Uncategorized"],"featured_media_url":null},"_links":{"self":[{"href":"https:\/\/deultimominuto.com\/en\/wp-json\/wp\/v2\/posts\/498582","targetHints":{"allow":["GET"]}}],"collection":[{"href":"https:\/\/deultimominuto.com\/en\/wp-json\/wp\/v2\/posts"}],"about":[{"href":"https:\/\/deultimominuto.com\/en\/wp-json\/wp\/v2\/types\/post"}],"author":[{"embeddable":true,"href":"https:\/\/deultimominuto.com\/en\/wp-json\/wp\/v2\/users\/133537"}],"replies":[{"embeddable":true,"href":"https:\/\/deultimominuto.com\/en\/wp-json\/wp\/v2\/comments?post=498582"}],"version-history":[{"count":0,"href":"https:\/\/deultimominuto.com\/en\/wp-json\/wp\/v2\/posts\/498582\/revisions"}],"wp:attachment":[{"href":"https:\/\/deultimominuto.com\/en\/wp-json\/wp\/v2\/media?parent=498582"}],"wp:term":[{"taxonomy":"category","embeddable":true,"href":"https:\/\/deultimominuto.com\/en\/wp-json\/wp\/v2\/categories?post=498582"},{"taxonomy":"post_tag","embeddable":true,"href":"https:\/\/deultimominuto.com\/en\/wp-json\/wp\/v2\/tags?post=498582"}],"curies":[{"name":"wp","href":"https:\/\/api.w.org\/{rel}","templated":true}]}}