{"id":498592,"date":"2026-01-26T19:58:32","date_gmt":"2026-01-26T23:58:32","guid":{"rendered":"https:\/\/deultimominuto.net\/en\/uncategorized\/fedom-denies-rumors-about-jose-ramirez-and-confirms-his-presence-in-the-world-baseball-classic\/"},"modified":"2026-01-26T19:58:32","modified_gmt":"2026-01-26T23:58:32","slug":"fedom-denies-rumors-about-jose-ramirez-and-confirms-his-presence-in-the-world-baseball-classic","status":"publish","type":"post","link":"https:\/\/deultimominuto.com\/en\/sports\/baseball\/fedom-denies-rumors-about-jose-ramirez-and-confirms-his-presence-in-the-world-baseball-classic\/","title":{"rendered":"FEDOM denies rumors about Jos\u00e9 Ram\u00edrez and confirms his presence in the World Baseball Classic"},"content":{"rendered":"\n<p class=\"wp-block-paragraph\">:<\/p>\n\n\n\n<h3 class=\"wp-block-heading\"><\/h3>\n\n\n<strong>SANTO DOMINGO<\/strong> \u2014 The president of the <strong>Dominican Baseball Federation (FEDOM)<\/strong>, <strong>Juan N\u00fa\u00f1ez<\/strong>, confirmed that <strong>Jos\u00e9 Ram\u00edrez<\/strong> remains firm and enthusiastic about his participation in the <strong>Dominican Republic national team<\/strong> for the upcoming <strong>World Baseball Classic<\/strong>, dismissing versions that emerged on social media this Monday that pointed to a supposed resignation of the tricolor team.\n\n\n<p class=\"wp-block-paragraph\"><strong>You may be interested<\/strong><a href=\"https:\/\/ab.deultimominuto.net\/deportes\/beisbol\/alta-demanda-dispara-los-precios-de-los-boletos-del-clasico-mundial-en-miami\/\" target=\"_blank\" rel=\"noopener\">:High demand drives up ticket prices for the World Baseball Classic in Miami<\/a><\/p>\n\n\nFEDOM highlighted that Ram\u00edrez&#8217;s position aligns with the statements the player himself has made publicly on various occasions, in which he has expressed his full willingness to join the team and contribute in the role that the coaching staff deems necessary.\n\nRecently, the Dominican third baseman was emphatic in an interview with journalist <strong>H\u00e9ctor G\u00f3mez<\/strong>, where he stated: <em>\u201cI will be on the front lines of the team giving 100%\u201d<\/em>,\n\nRam\u00edrez also made it clear that he is willing to adjust to the needs of the team, whether defending <strong>third base<\/strong> or performing as a <strong>designated hitter<\/strong>, always prioritizing the success of the Dominican team.","protected":false},"excerpt":{"rendered":"<p>: SANTO DOMINGO \u2014 The president of the Dominican Baseball Federation (FEDOM), Juan N\u00fa\u00f1ez, confirmed that Jos\u00e9 Ram\u00edrez remains firm and enthusiastic about his participation in the Dominican Republic national team for the upcoming World Baseball Classic, dismissing versions that emerged on social media this Monday that pointed to a supposed resignation of the tricolor [&hellip;]<\/p>\n","protected":false},"author":4,"featured_media":0,"comment_status":"open","ping_status":"open","sticky":false,"template":"","format":"standard","meta":{"_acf_changed":false,"_jetpack_newsletter_access":"","_jetpack_dont_email_post_to_subs":false,"_jetpack_newsletter_tier_id":0,"_jetpack_memberships_contains_paywalled_content":false,"_jetpack_memberships_contains_paid_content":false,"footnotes":"","_members_access_role":[],"_members_access_error":""},"categories":[35481],"tags":[611,40231,40813,13766,41186],"class_list":["post-498592","post","type-post","status-publish","format-standard","category-baseball","tag-deultimominuto","tag-dominican-republic","tag-major-leagues","tag-mlb","tag-theperiodicodelatruth"],"acf":[],"jetpack_sharing_enabled":true,"jetpack_shortlink":"https:\/\/wp.me\/phj1q1-25HO","jetpack_featured_media_url":"","dum_api":{"author_name":"Redacci\u00f3n De \u00daltimo Minuto","author_image":"https:\/\/deultimominuto.com\/wp-content\/uploads\/2025\/02\/cropped-logo-de-ultimo-minuto-96x96.png","categories_name":["Baseball"],"featured_media_url":null},"_links":{"self":[{"href":"https:\/\/deultimominuto.com\/en\/wp-json\/wp\/v2\/posts\/498592","targetHints":{"allow":["GET"]}}],"collection":[{"href":"https:\/\/deultimominuto.com\/en\/wp-json\/wp\/v2\/posts"}],"about":[{"href":"https:\/\/deultimominuto.com\/en\/wp-json\/wp\/v2\/types\/post"}],"author":[{"embeddable":true,"href":"https:\/\/deultimominuto.com\/en\/wp-json\/wp\/v2\/users\/4"}],"replies":[{"embeddable":true,"href":"https:\/\/deultimominuto.com\/en\/wp-json\/wp\/v2\/comments?post=498592"}],"version-history":[{"count":0,"href":"https:\/\/deultimominuto.com\/en\/wp-json\/wp\/v2\/posts\/498592\/revisions"}],"wp:attachment":[{"href":"https:\/\/deultimominuto.com\/en\/wp-json\/wp\/v2\/media?parent=498592"}],"wp:term":[{"taxonomy":"category","embeddable":true,"href":"https:\/\/deultimominuto.com\/en\/wp-json\/wp\/v2\/categories?post=498592"},{"taxonomy":"post_tag","embeddable":true,"href":"https:\/\/deultimominuto.com\/en\/wp-json\/wp\/v2\/tags?post=498592"}],"curies":[{"name":"wp","href":"https:\/\/api.w.org\/{rel}","templated":true}]}}