{"id":498626,"date":"2026-01-27T13:28:38","date_gmt":"2026-01-27T17:28:38","guid":{"rendered":"https:\/\/deultimominuto.net\/en\/uncategorized\/noval-properties-participates-in-fitur-2026-promoting-the-development-and-construction-of-hotels-in-the-dominican-republic-2\/"},"modified":"2026-01-27T13:28:38","modified_gmt":"2026-01-27T17:28:38","slug":"noval-properties-participates-in-fitur-2026-promoting-the-development-and-construction-of-hotels-in-the-dominican-republic-2","status":"publish","type":"post","link":"https:\/\/deultimominuto.com\/en\/uncategorized\/noval-properties-participates-in-fitur-2026-promoting-the-development-and-construction-of-hotels-in-the-dominican-republic-2\/","title":{"rendered":"Noval Properties participates in FITUR 2026, promoting the development and construction of hotels in the Dominican Republic"},"content":{"rendered":"<strong>Santo Domingo. <\/strong>&#8211; <a href=\"https:\/\/novalproperties.com\/\" target=\"_blank\" rel=\"noopener\">Noval Properties<\/a> announced a strategic alliance with Accor to integrate the Swiss\u00f4tel brand into the Jardines de Bellas Artes project, in Santo Domingo. The development will operate under a mixed Hotel &amp; Residences format, combining hotel operation and high-end residences in front of the Palacio de Bellas Artes.\n\nThis agreement represents Noval Properties&#8217; first project in the Dominican capital under the hotel and residences concept, as well as Swiss\u00f4tel&#8217;s official entry into the Dominican Republic, establishing operations in Santo Domingo and expanding the country&#8217;s urban hospitality offerings.\n\nThe signing of the agreement and its public presentation took place during FITUR 2026, which is held from January 21 to 25 at IFEMA Madrid, one of the main international meetings of the tourism and investment industry.\n\n\n<p class=\"wp-block-paragraph\"><strong>You can also read:<\/strong> <a href=\"https:\/\/ab.deultimominuto.net\/nacionales\/nelson-nunez-destaca-inversion-del-gobierno\/\" target=\"_blank\" rel=\"noopener\">Mayor Nelson N\u00fa\u00f1ez highlights Government and Tourism investment in the remodeling of Saman\u00e1 park<\/a><\/p>\n\n\nAccor, one of the world&#8217;s most important hotel groups, has a presence in more than 110 countries and a network of more than 5,700 hotels. Through this alliance, it contributes one of the premium brands from its portfolio to the project. In the case of Swiss\u00f4tel, Accor reports an operation of 44 hotels and 15,881 rooms as of June 30, 2025, with a focus on urban hospitality, contemporary design, and well-being.\n\nNoval Properties highlighted that this incorporation is part of its growth strategy, aimed at working with top-tier international operators and diversifying its offer towards mixed-use projects in key urban destinations.\n\nJardines de Bellas Artes is part of Noval Properties&#8217; expansion into new markets, after delivering over 3,200 units in B\u00e1varo\u2013Punta Cana and consolidating its presence in Santo Domingo and Las Terrenas, responding to the growing demand for urban tourism and residences with integrated hotel services.\n\nThe presentation at FITUR will allow us to showcase the scope of the project and its value proposition, which integrates residences, hospitality, and services in an emblematic urban environment of the historical and cultural center of Santo Domingo.\n\nAbout Noval Properties\n\nNoval Properties is a real estate developer with over 22 years of experience. The company indicates that its expansion starts from Punta Cana and extends to tourist and urban destinations such as Las Terrenas and Santo Domingo.","protected":false},"excerpt":{"rendered":"<p>Santo Domingo. &#8211; Noval Properties announced a strategic alliance with Accor to integrate the Swiss\u00f4tel brand into the Jardines de Bellas Artes project, in Santo Domingo. The development will operate under a mixed Hotel &amp; Residences format, combining hotel operation and high-end residences in front of the Palacio de Bellas Artes. This agreement represents Noval [&hellip;]<\/p>\n","protected":false},"author":133537,"featured_media":0,"comment_status":"open","ping_status":"open","sticky":false,"template":"","format":"standard","meta":{"_acf_changed":false,"_jetpack_newsletter_access":"","_jetpack_dont_email_post_to_subs":false,"_jetpack_newsletter_tier_id":0,"_jetpack_memberships_contains_paywalled_content":false,"_jetpack_memberships_contains_paid_content":false,"footnotes":"","_members_access_role":[],"_members_access_error":""},"categories":[1],"tags":[],"class_list":["post-498626","post","type-post","status-publish","format-standard","category-uncategorized"],"acf":[],"jetpack_sharing_enabled":true,"jetpack_shortlink":"https:\/\/wp.me\/phj1q1-25Im","jetpack_featured_media_url":"","dum_api":{"author_name":"Paola Castillo","author_image":"https:\/\/deultimominuto.com\/wp-content\/uploads\/2025\/10\/cropped-paola-castillo-f-96x96.jpg","categories_name":["Uncategorized"],"featured_media_url":null},"_links":{"self":[{"href":"https:\/\/deultimominuto.com\/en\/wp-json\/wp\/v2\/posts\/498626","targetHints":{"allow":["GET"]}}],"collection":[{"href":"https:\/\/deultimominuto.com\/en\/wp-json\/wp\/v2\/posts"}],"about":[{"href":"https:\/\/deultimominuto.com\/en\/wp-json\/wp\/v2\/types\/post"}],"author":[{"embeddable":true,"href":"https:\/\/deultimominuto.com\/en\/wp-json\/wp\/v2\/users\/133537"}],"replies":[{"embeddable":true,"href":"https:\/\/deultimominuto.com\/en\/wp-json\/wp\/v2\/comments?post=498626"}],"version-history":[{"count":0,"href":"https:\/\/deultimominuto.com\/en\/wp-json\/wp\/v2\/posts\/498626\/revisions"}],"wp:attachment":[{"href":"https:\/\/deultimominuto.com\/en\/wp-json\/wp\/v2\/media?parent=498626"}],"wp:term":[{"taxonomy":"category","embeddable":true,"href":"https:\/\/deultimominuto.com\/en\/wp-json\/wp\/v2\/categories?post=498626"},{"taxonomy":"post_tag","embeddable":true,"href":"https:\/\/deultimominuto.com\/en\/wp-json\/wp\/v2\/tags?post=498626"}],"curies":[{"name":"wp","href":"https:\/\/api.w.org\/{rel}","templated":true}]}}