{"id":498697,"date":"2026-01-27T22:35:59","date_gmt":"2026-01-28T02:35:59","guid":{"rendered":"https:\/\/deultimominuto.net\/en\/uncategorized\/petro-says-the-meeting-with-trump-will-be-determinant-for-him-and-the-life-of-humanity\/"},"modified":"2026-01-27T22:35:59","modified_gmt":"2026-01-28T02:35:59","slug":"petro-says-the-meeting-with-trump-will-be-determinant-for-him-and-the-life-of-humanity","status":"publish","type":"post","link":"https:\/\/deultimominuto.com\/en\/uncategorized\/petro-says-the-meeting-with-trump-will-be-determinant-for-him-and-the-life-of-humanity\/","title":{"rendered":"Petro says the meeting with Trump will be &#8220;determinant&#8221; for him and the &#8220;life of humanity&#8221;"},"content":{"rendered":"<strong>Bogot\u00e1.-<\/strong> The President of Colombia, Gustavo Petro, again referred this Tuesday to the meeting he will hold on February 3rd with his American counterpart, Donald Trump, at the White House, a meeting that he anticipates will be &#8220;determinant&#8221; for him and for &#8220;the life of humanity&#8221;.\n\n&#8220;It&#8217;s a key, fundamental, decisive meeting, not only of my personal life, but of the life of humanity,&#8221; said the president during an event at the Casa de Nari\u00f1o, presidential headquarters.\n\nIn the same scenario, Petro questioned the fact that the United States withdrew his visa, following an impromptu speech in favor of the Palestinian cause last September in New York after his participation in the United Nations General Assembly, to grant it to him now, prior to his trip to Washington next Sunday.\n\n\u00abThey took away my visa, now they say they put it back. So, why did they take it away from me? I don&#8217;t know if for a while or definitively, I don&#8217;t know. We will know on February 3rd,\u00bb the president indicated.\n\n\n<figure class=\"wp-block-image is-resized\"><img decoding=\"async\" src=\"https:\/\/i0.wp.com\/efe.com\/wp-content\/uploads\/2026\/01\/Donald_Trump_Petro_Reunion.webp?resize=900%2C600&amp;ssl=1\" alt=\"Petro dice que la reuni\u00f3n con Trump ser\u00e1 &quot;determinante&quot; para \u00e9l y la &quot;vida de la humanidad&quot;\" class=\"wp-image-2448257\" style=\"width:617px;height:auto\" title=\"\"><\/figure>\n\n\nFurthermore, Petro revealed that Americans told President Trump that his wife, the First Lady of Colombia, Ver\u00f3nica Alcocer, had received money from Nicol\u00e1s Maduro to finance groups in Colombia, an accusation that, he implies, the U.S. dismissed.\n\n&#8220;Trump&#8217;s gringos told him that Maduro&#8217;s people had given my wife tens of millions of dollars to finance the front line. And who said that? It was a friend who had assets in the United States and it seemed more serious to him to lose the assets than to give us a lie,&#8221; he said.\n\n\u00abThe gringos didn&#8217;t make an effort, that&#8217;s why I don&#8217;t have an &#8216;indictment&#8217; (\u2026) I haven&#8217;t received a penny from Maduro because I didn&#8217;t believe in Maduro,\u00bb he continued.\n\n\n<h2 class=\"wp-block-heading\" id=\"h-petro-pide-a-ee-uu-devolver-a-maduro-a-venezuela\">Petro asks the U.S. to return Maduro to Venezuela<\/h2>\n\n\nEarlier this Tuesday, at another official event also in Bogot\u00e1, Petro stated that the United States should return Maduro to Venezuela to be judged by a court in that country and criticized the military attack on January 3 in Caracas, in which the Chavista leader was captured.\n\n\u00abThey have to return him (to Maduro) and have him judged by a Venezuelan court, not an American one, because Latin American civilization is different from European Anglo-Saxon civilization\u00bb, said Petro in a speech at a hospital in Bogot\u00e1.\n\nPetro&#8217;s statements come a week before the meeting he has scheduled with Trump at the White House, after a year of disagreements between both leaders that began on January 26, 2025, when the Colombian president refused to receive a flight with migrants from the United States, denouncing &#8220;undignified treatment&#8221; for his countrymen.\n\nPetro, who presents himself as a South American jaguar that rivals the American eagle and who feared a military operation against him like the one that deposed Maduro, was scheduled to deliver a harsh speech against Trump on January 7 at an event for sovereignty in Plaza de Bol\u00edvar, in Bogot\u00e1.\n\nHowever, the tension subsided minutes before going on stage thanks to a phone call between the two in which they agreed to meet.","protected":false},"excerpt":{"rendered":"<p>Bogot\u00e1.- The President of Colombia, Gustavo Petro, again referred this Tuesday to the meeting he will hold on February 3rd with his American counterpart, Donald Trump, at the White House, a meeting that he anticipates will be &#8220;determinant&#8221; for him and for &#8220;the life of humanity&#8221;. &#8220;It&#8217;s a key, fundamental, decisive meeting, not only of [&hellip;]<\/p>\n","protected":false},"author":111,"featured_media":0,"comment_status":"open","ping_status":"open","sticky":false,"template":"","format":"standard","meta":{"_acf_changed":false,"_jetpack_newsletter_access":"","_jetpack_dont_email_post_to_subs":false,"_jetpack_newsletter_tier_id":0,"_jetpack_memberships_contains_paywalled_content":false,"_jetpack_memberships_contains_paid_content":false,"footnotes":"","_members_access_role":[],"_members_access_error":""},"categories":[1],"tags":[],"class_list":["post-498697","post","type-post","status-publish","format-standard","category-uncategorized"],"acf":[],"jetpack_sharing_enabled":true,"jetpack_shortlink":"https:\/\/wp.me\/phj1q1-25Jv","jetpack_featured_media_url":"","dum_api":{"author_name":"Ana Laura L\u00f3pez","author_image":"https:\/\/deultimominuto.com\/wp-content\/uploads\/2025\/01\/cropped-WhatsApp-Image-2025-01-29-at-1.45.56-PM-96x96.jpeg","categories_name":["Uncategorized"],"featured_media_url":null},"_links":{"self":[{"href":"https:\/\/deultimominuto.com\/en\/wp-json\/wp\/v2\/posts\/498697","targetHints":{"allow":["GET"]}}],"collection":[{"href":"https:\/\/deultimominuto.com\/en\/wp-json\/wp\/v2\/posts"}],"about":[{"href":"https:\/\/deultimominuto.com\/en\/wp-json\/wp\/v2\/types\/post"}],"author":[{"embeddable":true,"href":"https:\/\/deultimominuto.com\/en\/wp-json\/wp\/v2\/users\/111"}],"replies":[{"embeddable":true,"href":"https:\/\/deultimominuto.com\/en\/wp-json\/wp\/v2\/comments?post=498697"}],"version-history":[{"count":0,"href":"https:\/\/deultimominuto.com\/en\/wp-json\/wp\/v2\/posts\/498697\/revisions"}],"wp:attachment":[{"href":"https:\/\/deultimominuto.com\/en\/wp-json\/wp\/v2\/media?parent=498697"}],"wp:term":[{"taxonomy":"category","embeddable":true,"href":"https:\/\/deultimominuto.com\/en\/wp-json\/wp\/v2\/categories?post=498697"},{"taxonomy":"post_tag","embeddable":true,"href":"https:\/\/deultimominuto.com\/en\/wp-json\/wp\/v2\/tags?post=498697"}],"curies":[{"name":"wp","href":"https:\/\/api.w.org\/{rel}","templated":true}]}}