{"id":498931,"date":"2026-01-29T22:14:35","date_gmt":"2026-01-30T02:14:35","guid":{"rendered":"https:\/\/deultimominuto.net\/en\/uncategorized\/latin-american-designers-to-shine-at-trendy-fashion-week-rd-2026\/"},"modified":"2026-01-29T22:14:35","modified_gmt":"2026-01-30T02:14:35","slug":"latin-american-designers-to-shine-at-trendy-fashion-week-rd-2026","status":"publish","type":"post","link":"https:\/\/deultimominuto.com\/en\/entertainment\/latin-american-designers-to-shine-at-trendy-fashion-week-rd-2026\/","title":{"rendered":"Latin American Designers to Shine at Trendy Fashion Week RD 2026"},"content":{"rendered":"With local and international designers, Trendy Fashion Week RD 2026 returns with its fifth edition from March 5 to 7, 2026 at the C\u00fapula del Palacio de Bellas Artes, highlighting the best of cutting-edge fashion.\n\nSANTO DOMINGO, RD \u2013 The Dominican Republic is preparing to host one of the most anticipated events in the industry with the celebration of the fifth edition of Trendy Fashion Week RD 2026. This high-profile event, which will take place from March 5 to 7, 2026, will transform the emblematic C\u00fapula del Palacio de Bellas Artes into an unprecedented stage where elegance, innovation, and culture will merge to showcase the best of national and international design.\n\nThe Dominican representation will be led by figures of the stature of Giannina Azar, Tony Boga, Eddie Rambaldy, Alba Almonte, Martin Polanco, Krisheisy and Kache. To this proposal is added a prestigious international delegation that includes Jos\u00e9 Zafra (Peru), Velladonie (Mexico) and Federico Visuetti (Panama). Puerto Rico will have a massive participation with the collections of outstanding creators such as Marcos Carranzana, Jos\u00e9 Texeira, Lissa Porrata, Jos\u00e9 Ra\u00fal, Liliana Vel\u00e1zquez, Loraine Ortiz and H\u00e9ctor Molina.\n\n\n<p class=\"wp-block-paragraph\"><strong>You may be interested in:<\/strong> <a href=\"https:\/\/ab.deultimominuto.net\/entretenimiento\/llego-a-rd-miss-universo-fatima\/\" data-type=\"post\" data-id=\"599622\" target=\"_blank\" rel=\"noopener\">F\u00e1tima Bosch, Miss Universe 2025, arrived in the Dominican Republic to promote an agenda on autism<\/a><\/p>\n\n\nA highlight of this edition will be the special participation of the Mercy J\u00e1quez Higher Technical Institute (ITESUMJ), where 20 graduating students will have the opportunity to represent the institution, showcasing their talent and creativity on this professional platform. Likewise, the generational change will also have its stellar space in the Trendy FashionWeek Kids, where the proposals of Dikahira Bautista, Emily Reyes, Rosani L\u00f3pez (RossViki) and Vanesa Fashion Kids will be presented.\n\nIn total, more than 100 models from Puerto Rico, Cuba, Colombia, Venezuela, and the Dominican Republic will bring to life the creations of these artists, under the scrutiny of scouts from the best international agencies who will attend with the aim of capturing new modeling promises.\n\nThe realization of this fifth edition is possible thanks to the invaluable support of our allies and sponsors such as: Banco Popular, the Ministry of Culture, the General Directorate of Fine Arts and the Mayor&#8217;s Office of the National District for their institutional support, List\u00edn Diario, John Frieda, Milani Cosmetics, Star Products, Hotel Napolitano, JP. Chenet, Alta Copa, Agua Crystal, Cafe Santo Domingo, Productos Chef, Mangel Estudio Creativo, Eucerin, Ferries del Caribe, Ediscons (Scenography, Designs and Ortega Constructions) and Florister\u00eda Jard\u00edn Constanza, companies whose vision and trust allow Dominican fashion to continue shining with the highest quality standards.\n\nTrendy Fashion Week RD 2026 solidifies itself as a high-level international platform to promote the talent of designers from the Dominican Republic, Latin America, and the world, while projecting Santo Domingo as a luxury and cultural destination in the Caribbean, assures the event producer and CEO Jonathan Medero. Thanks to its strategic alliance with Latinoam\u00e9rica Te Viste and the support of various embassies, the event promotes a valuable cultural exchange, with extensive coverage from influencers and specialized media, and a comprehensive experience that transcends the runway.","protected":false},"excerpt":{"rendered":"<p>With local and international designers, Trendy Fashion Week RD 2026 returns with its fifth edition from March 5 to 7, 2026 at the C\u00fapula del Palacio de Bellas Artes, highlighting the best of cutting-edge fashion. SANTO DOMINGO, RD \u2013 The Dominican Republic is preparing to host one of the most anticipated events in the industry [&hellip;]<\/p>\n","protected":false},"author":4,"featured_media":0,"comment_status":"open","ping_status":"open","sticky":false,"template":"","format":"standard","meta":{"_acf_changed":false,"_jetpack_newsletter_access":"","_jetpack_dont_email_post_to_subs":false,"_jetpack_newsletter_tier_id":0,"_jetpack_memberships_contains_paywalled_content":false,"_jetpack_memberships_contains_paid_content":false,"footnotes":"","_members_access_role":[],"_members_access_error":""},"categories":[5],"tags":[43189],"class_list":["post-498931","post","type-post","status-publish","format-standard","category-entertainment","tag-trendy-fashion-week-rd"],"acf":[],"jetpack_sharing_enabled":true,"jetpack_shortlink":"https:\/\/wp.me\/phj1q1-25Nh","jetpack_featured_media_url":"","dum_api":{"author_name":"Redacci\u00f3n De \u00daltimo Minuto","author_image":"https:\/\/deultimominuto.com\/wp-content\/uploads\/2025\/02\/cropped-logo-de-ultimo-minuto-96x96.png","categories_name":["Entertainment"],"featured_media_url":null},"_links":{"self":[{"href":"https:\/\/deultimominuto.com\/en\/wp-json\/wp\/v2\/posts\/498931","targetHints":{"allow":["GET"]}}],"collection":[{"href":"https:\/\/deultimominuto.com\/en\/wp-json\/wp\/v2\/posts"}],"about":[{"href":"https:\/\/deultimominuto.com\/en\/wp-json\/wp\/v2\/types\/post"}],"author":[{"embeddable":true,"href":"https:\/\/deultimominuto.com\/en\/wp-json\/wp\/v2\/users\/4"}],"replies":[{"embeddable":true,"href":"https:\/\/deultimominuto.com\/en\/wp-json\/wp\/v2\/comments?post=498931"}],"version-history":[{"count":0,"href":"https:\/\/deultimominuto.com\/en\/wp-json\/wp\/v2\/posts\/498931\/revisions"}],"wp:attachment":[{"href":"https:\/\/deultimominuto.com\/en\/wp-json\/wp\/v2\/media?parent=498931"}],"wp:term":[{"taxonomy":"category","embeddable":true,"href":"https:\/\/deultimominuto.com\/en\/wp-json\/wp\/v2\/categories?post=498931"},{"taxonomy":"post_tag","embeddable":true,"href":"https:\/\/deultimominuto.com\/en\/wp-json\/wp\/v2\/tags?post=498931"}],"curies":[{"name":"wp","href":"https:\/\/api.w.org\/{rel}","templated":true}]}}