{"id":499105,"date":"2026-02-01T16:24:33","date_gmt":"2026-02-01T20:24:33","guid":{"rendered":"https:\/\/deultimominuto.net\/en\/uncategorized\/trump-believes-cuba-will-seek-a-deal-with-the-united-states-and-the-island-will-be-free-again\/"},"modified":"2026-02-01T16:24:33","modified_gmt":"2026-02-01T20:24:33","slug":"trump-believes-cuba-will-seek-a-deal-with-the-united-states-and-the-island-will-be-free-again","status":"publish","type":"post","link":"https:\/\/deultimominuto.com\/en\/international\/trump-believes-cuba-will-seek-a-deal-with-the-united-states-and-the-island-will-be-free-again\/","title":{"rendered":"Trump believes Cuba will seek a &#8220;deal&#8221; with the United States and the island will be &#8220;free&#8221; again"},"content":{"rendered":"\n<p class=\"wp-block-paragraph\"><strong>Washington.- <\/strong>The president of <strong>the United States, Donald Trump,<\/strong> considered this Saturday that Cuba will seek a &#8220;deal&#8221; with Washington after the announcement of tariffs for the countries that supply it with oil and expressed confidence that the island <strong>&#8220;will be free again&#8221;.<\/strong><\/p>\n\n\nThe Republican made these statements aboard Air Force One when the press questioned him about the words of the Mexican president, Claudia Sheinbaum, who warned that cutting off the supply of crude oil to Cuba will provoke a humanitarian crisis.\n\n\n<p class=\"wp-block-paragraph\"><strong>You may be interested in<\/strong>: <a href=\"http:\/\/Francia dice que represalia iran\u00ed contra ej\u00e9rcitos de pa\u00edses de la UE no tiene fundamento\">http:\/\/France says Iranian retaliation against EU countries&#8217; armies is unfounded<\/a><\/p>\n\n\n<strong>&#8220;There doesn&#8217;t have to be a humanitarian crisis. I think they&#8217;ll probably come to us and want to make a deal. So Cuba will be free again. They will come to us and make a deal,&#8221;<\/strong> the president assured.\n\nThe Republican emphasized that Cuba is in <strong>&#8220;a very bad situation&#8221;<\/strong> because &#8220;they lived off the money and oil from Venezuela but none of this is arriving&#8221; since the United States captured Nicol\u00e1s Maduro on January 3rd.\n\nHe also added that Sheinbaum was &#8220;<strong>very good&#8221;<\/strong> because, according to him, he asked her to also stop sending crude oil to the island and she agreed.\n\nTrump signed an executive order on Thursday to impose tariffs on those countries that supply oil to the island.\n\nThe Cuban government called the measure &#8220;fascist,&#8221; which in practice means an energy asphyxiation for the island, and Sheinbaum announced that Mexico will seek &#8220;different alternatives&#8221; to support the Cuban people.","protected":false},"excerpt":{"rendered":"<p>Washington.- The president of the United States, Donald Trump, considered this Saturday that Cuba will seek a &#8220;deal&#8221; with Washington after the announcement of tariffs for the countries that supply it with oil and expressed confidence that the island &#8220;will be free again&#8221;. The Republican made these statements aboard Air Force One when the press [&hellip;]<\/p>\n","protected":false},"author":3,"featured_media":0,"comment_status":"open","ping_status":"open","sticky":false,"template":"","format":"standard","meta":{"_acf_changed":false,"_jetpack_newsletter_access":"","_jetpack_dont_email_post_to_subs":false,"_jetpack_newsletter_tier_id":0,"_jetpack_memberships_contains_paywalled_content":false,"_jetpack_memberships_contains_paid_content":false,"footnotes":"","_members_access_role":[],"_members_access_error":""},"categories":[95],"tags":[15925,40230],"class_list":["post-499105","post","type-post","status-publish","format-standard","category-international","tag-donald-trump","tag-united-states"],"acf":[],"jetpack_sharing_enabled":true,"jetpack_shortlink":"https:\/\/wp.me\/phj1q1-25Q5","jetpack_featured_media_url":"","dum_api":{"author_name":"EFE","author_image":"https:\/\/deultimominuto.com\/wp-content\/uploads\/2021\/08\/1200px-EFE_logo.svg-96x96.png","categories_name":["International"],"featured_media_url":null},"_links":{"self":[{"href":"https:\/\/deultimominuto.com\/en\/wp-json\/wp\/v2\/posts\/499105","targetHints":{"allow":["GET"]}}],"collection":[{"href":"https:\/\/deultimominuto.com\/en\/wp-json\/wp\/v2\/posts"}],"about":[{"href":"https:\/\/deultimominuto.com\/en\/wp-json\/wp\/v2\/types\/post"}],"author":[{"embeddable":true,"href":"https:\/\/deultimominuto.com\/en\/wp-json\/wp\/v2\/users\/3"}],"replies":[{"embeddable":true,"href":"https:\/\/deultimominuto.com\/en\/wp-json\/wp\/v2\/comments?post=499105"}],"version-history":[{"count":0,"href":"https:\/\/deultimominuto.com\/en\/wp-json\/wp\/v2\/posts\/499105\/revisions"}],"wp:attachment":[{"href":"https:\/\/deultimominuto.com\/en\/wp-json\/wp\/v2\/media?parent=499105"}],"wp:term":[{"taxonomy":"category","embeddable":true,"href":"https:\/\/deultimominuto.com\/en\/wp-json\/wp\/v2\/categories?post=499105"},{"taxonomy":"post_tag","embeddable":true,"href":"https:\/\/deultimominuto.com\/en\/wp-json\/wp\/v2\/tags?post=499105"}],"curies":[{"name":"wp","href":"https:\/\/api.w.org\/{rel}","templated":true}]}}