{"id":499284,"date":"2026-02-03T21:01:16","date_gmt":"2026-02-04T01:01:16","guid":{"rendered":"https:\/\/deultimominuto.net\/en\/uncategorized\/former-cuban-justice-minister-oscar-silvera-assumes-presidency-of-the-supreme-court\/"},"modified":"2026-02-03T21:01:16","modified_gmt":"2026-02-04T01:01:16","slug":"former-cuban-justice-minister-oscar-silvera-assumes-presidency-of-the-supreme-court","status":"publish","type":"post","link":"https:\/\/deultimominuto.com\/en\/uncategorized\/former-cuban-justice-minister-oscar-silvera-assumes-presidency-of-the-supreme-court\/","title":{"rendered":"Former Cuban Justice Minister Oscar Silvera assumes presidency of the Supreme Court"},"content":{"rendered":"\n<p class=\"wp-block-paragraph\"><strong>Havana.-<\/strong> Former Cuban Minister of Justice Oscar Manuel Silvera assumed the position of president of the Supreme People&#8217;s Court (TSP) of the island, as reported this Tuesday by the Presidency through a statement.<\/p>\n\n\nSilvera was confirmed in his position by the island parliament last December, after the dismissal of the previous TSP president, Rub\u00e9n Remigio, who had been at the head of the high court for 27 years, was announced in the chamber -suddenly-.\n\n&#8220;The members of the judicial bodies ratify our support for the Revolution, and we will defend it with the same courage that made it possible for the historical generation led by Fidel (Castro) and Ra\u00fal (Castro),&#8221; Silvera expressed after being invested at the Jos\u00e9 Mart\u00ed Memorial in Revolution Square in Havana.\n\n\n<h5 class=\"wp-block-heading\"><strong>We recommend reading: <a href=\"https:\/\/ab.deultimominuto.net\/internacionales\/presidente-trump-destaca\/\" target=\"_blank\" rel=\"noopener\">President Trump highlights the alliance with El Salvador as a pillar of the US strategy<\/a><\/strong><\/h5>\n\n\nThe new president of the TSP took office during the opening ceremony of the judicial year, which was attended by the island&#8217;s president, Miguel D\u00edaz-Canel.\n\n\n<p class=\"wp-block-paragraph\">After proposing his appointment before the parliament, in which practically all initiatives are approved unanimously, the Cuban president highlighted the &#8220;professionalism, leadership capacity and personal qualities&#8221; of the former Minister of Justice.<br>Silvera held the Justice portfolio since the beginning of D\u00edaz-Canel&#8217;s first term, in 2018.<\/p>\n\n\nFor their part, Cuban deputies confirmed in December Rosabel Gam\u00f3n, until then First Deputy Minister, as the Minister of Justice of the Caribbean country.","protected":false},"excerpt":{"rendered":"<p>Havana.- Former Cuban Minister of Justice Oscar Manuel Silvera assumed the position of president of the Supreme People&#8217;s Court (TSP) of the island, as reported this Tuesday by the Presidency through a statement. Silvera was confirmed in his position by the island parliament last December, after the dismissal of the previous TSP president, Rub\u00e9n Remigio, [&hellip;]<\/p>\n","protected":false},"author":111,"featured_media":0,"comment_status":"open","ping_status":"open","sticky":false,"template":"","format":"standard","meta":{"_acf_changed":false,"_jetpack_newsletter_access":"","_jetpack_dont_email_post_to_subs":false,"_jetpack_newsletter_tier_id":0,"_jetpack_memberships_contains_paywalled_content":false,"_jetpack_memberships_contains_paid_content":false,"footnotes":"","_members_access_role":[],"_members_access_error":""},"categories":[1],"tags":[],"class_list":["post-499284","post","type-post","status-publish","format-standard","category-uncategorized"],"acf":[],"jetpack_sharing_enabled":true,"jetpack_shortlink":"https:\/\/wp.me\/phj1q1-25SY","jetpack_featured_media_url":"","dum_api":{"author_name":"Ana Laura L\u00f3pez","author_image":"https:\/\/deultimominuto.com\/wp-content\/uploads\/2025\/01\/cropped-WhatsApp-Image-2025-01-29-at-1.45.56-PM-96x96.jpeg","categories_name":["Uncategorized"],"featured_media_url":null},"_links":{"self":[{"href":"https:\/\/deultimominuto.com\/en\/wp-json\/wp\/v2\/posts\/499284","targetHints":{"allow":["GET"]}}],"collection":[{"href":"https:\/\/deultimominuto.com\/en\/wp-json\/wp\/v2\/posts"}],"about":[{"href":"https:\/\/deultimominuto.com\/en\/wp-json\/wp\/v2\/types\/post"}],"author":[{"embeddable":true,"href":"https:\/\/deultimominuto.com\/en\/wp-json\/wp\/v2\/users\/111"}],"replies":[{"embeddable":true,"href":"https:\/\/deultimominuto.com\/en\/wp-json\/wp\/v2\/comments?post=499284"}],"version-history":[{"count":0,"href":"https:\/\/deultimominuto.com\/en\/wp-json\/wp\/v2\/posts\/499284\/revisions"}],"wp:attachment":[{"href":"https:\/\/deultimominuto.com\/en\/wp-json\/wp\/v2\/media?parent=499284"}],"wp:term":[{"taxonomy":"category","embeddable":true,"href":"https:\/\/deultimominuto.com\/en\/wp-json\/wp\/v2\/categories?post=499284"},{"taxonomy":"post_tag","embeddable":true,"href":"https:\/\/deultimominuto.com\/en\/wp-json\/wp\/v2\/tags?post=499284"}],"curies":[{"name":"wp","href":"https:\/\/api.w.org\/{rel}","templated":true}]}}