{"id":499544,"date":"2026-02-06T17:53:09","date_gmt":"2026-02-06T21:53:09","guid":{"rendered":"https:\/\/deultimominuto.net\/en\/uncategorized\/bonao-to-host-official-announcement-of-the-cibao-regional-book-and-culture-fair-2026\/"},"modified":"2026-02-06T17:53:09","modified_gmt":"2026-02-06T21:53:09","slug":"bonao-to-host-official-announcement-of-the-cibao-regional-book-and-culture-fair-2026","status":"publish","type":"post","link":"https:\/\/deultimominuto.com\/en\/uncategorized\/bonao-to-host-official-announcement-of-the-cibao-regional-book-and-culture-fair-2026\/","title":{"rendered":"Bonao to Host Official Announcement of the Cibao Regional Book and Culture Fair 2026"},"content":{"rendered":"<strong>Bonao<\/strong>.\u2013 The Minister of Culture, Roberto \u00c1ngel Salcedo, announced in this city the celebration of the First Regional Book and Culture Fair Cibao 2026, an event that will bring together the literary and cultural richness of the Northern region of the country and that will take place from April 20 to 26, 2026, in the gardens of the Gran Teatro del Cibao, in Santiago.\n\nDuring the announcement, the official explained that Monse\u00f1or Nouel was chosen as the first province visited within the event&#8217;s socialization tour, due to its wide cultural, historical, and artistic diversity, with the aim of offering detailed information and coordinating a worthy representation of the province in this important regional fair.\n\nThe provincial governor, Adela Tejada Gil, highlighted the multiple cultural virtues of Bonao, known as the Villa de las Hortensias, emphasizing its historical legacy and artistic dynamism. In her words, she thanked President Luis Abinader for his interest in promoting <a href=\"https:\/\/www.youtube.com\/@MiCulturaRD\" data-type=\"link\" data-id=\"https:\/\/www.youtube.com\/@MiCulturaRD\" target=\"_blank\" rel=\"noopener\">culture<\/a> at the national level, as well as Minister Roberto \u00c1ngel Salcedo for faithfully interpreting the importance of the Regional Book and Culture Fair as a space for the strengthening of ideas and identity.\n\n\n<h6 class=\"wp-block-heading has-text-align-center\"><strong>You can also read: <a href=\"https:\/\/ab.deultimominuto.net\/nacionales\/residentes-de-bonao-realizan\/\" target=\"_blank\" rel=\"noopener\">Residents of Bonao light candles<\/a><\/strong><\/h6>\n\n\nSimilarly, the municipal mayor, Eberto N\u00fa\u00f1ez, valued the realization of this fair as transcendental, highlighting the participation of the 14 provinces of the Cibao, which will allow for unprecedented cultural integration in the region.\n\nThe activity was attended by Pastor de Moya, Deputy Minister of Cultural Identity of the Ministry of Culture; Juan Trinidad, Jos\u00e9 Lino Mart\u00ednez, Odis Quezada, from the Educational District 16-04, as well as the writers Antonio Taveras, \u00c1ngela Mena and Claudio Pascual, among other representatives of the literary, educational and cultural fields.\n\nThe Cibao Regional Book and Culture Fair 2026 is projected as a meeting space for writers, artists, cultural managers, and the general public, with the purpose of promoting reading, fostering creativity, and strengthening the cultural identity of the Northern region of the country.\n\n\n<p class=\"wp-block-paragraph\"><strong>By: Daniel Reyes<\/strong><\/p>\n\n\n\n<figure class=\"wp-block-gallery has-nested-images columns-default is-cropped wp-block-gallery-1 is-layout-flex wp-block-gallery-is-layout-flex\">\n<figure class=\"wp-block-image size-large\"><img decoding=\"async\" data-id=\"606603\" src=\"https:\/\/ab.deultimominuto.net\/wp-content\/uploads\/2026\/02\/WhatsApp-Image-2026-02-06-at-2.25.37-PM-1024x474.jpeg\" alt=\"\" class=\"wp-image-606603\" title=\"\"><\/figure>\n\n\n\n<figure class=\"wp-block-image size-large\"><img decoding=\"async\" data-id=\"606605\" src=\"https:\/\/ab.deultimominuto.net\/wp-content\/uploads\/2026\/02\/WhatsApp-Image-2026-02-06-at-2.25.36-PM-1-1024x486.jpeg\" alt=\"\" class=\"wp-image-606605\" title=\"\"><\/figure>\n\n\n\n<figure class=\"wp-block-image size-large\"><img decoding=\"async\" data-id=\"606604\" src=\"https:\/\/ab.deultimominuto.net\/wp-content\/uploads\/2026\/02\/WhatsApp-Image-2026-02-06-at-2.25.36-PM-1024x473.jpeg\" alt=\"\" class=\"wp-image-606604\" title=\"\"><\/figure>\n<\/figure>\n","protected":false},"excerpt":{"rendered":"<p>Bonao.\u2013 The Minister of Culture, Roberto \u00c1ngel Salcedo, announced in this city the celebration of the First Regional Book and Culture Fair Cibao 2026, an event that will bring together the literary and cultural richness of the Northern region of the country and that will take place from April 20 to 26, 2026, in the [&hellip;]<\/p>\n","protected":false},"author":133543,"featured_media":0,"comment_status":"open","ping_status":"open","sticky":false,"template":"","format":"standard","meta":{"_acf_changed":false,"_jetpack_newsletter_access":"","_jetpack_dont_email_post_to_subs":false,"_jetpack_newsletter_tier_id":0,"_jetpack_memberships_contains_paywalled_content":false,"_jetpack_memberships_contains_paid_content":false,"footnotes":"","_members_access_role":[],"_members_access_error":""},"categories":[1],"tags":[],"class_list":["post-499544","post","type-post","status-publish","format-standard","category-uncategorized"],"acf":[],"jetpack_sharing_enabled":true,"jetpack_shortlink":"https:\/\/wp.me\/phj1q1-25Xa","jetpack_featured_media_url":"","dum_api":{"author_name":"Carolina \u00c1lvarez","author_image":"https:\/\/deultimominuto.com\/wp-content\/uploads\/2026\/05\/cropped-WhatsApp-Image-2026-05-26-at-5.31.57-PM-96x96.jpeg","categories_name":["Uncategorized"],"featured_media_url":null},"_links":{"self":[{"href":"https:\/\/deultimominuto.com\/en\/wp-json\/wp\/v2\/posts\/499544","targetHints":{"allow":["GET"]}}],"collection":[{"href":"https:\/\/deultimominuto.com\/en\/wp-json\/wp\/v2\/posts"}],"about":[{"href":"https:\/\/deultimominuto.com\/en\/wp-json\/wp\/v2\/types\/post"}],"author":[{"embeddable":true,"href":"https:\/\/deultimominuto.com\/en\/wp-json\/wp\/v2\/users\/133543"}],"replies":[{"embeddable":true,"href":"https:\/\/deultimominuto.com\/en\/wp-json\/wp\/v2\/comments?post=499544"}],"version-history":[{"count":0,"href":"https:\/\/deultimominuto.com\/en\/wp-json\/wp\/v2\/posts\/499544\/revisions"}],"wp:attachment":[{"href":"https:\/\/deultimominuto.com\/en\/wp-json\/wp\/v2\/media?parent=499544"}],"wp:term":[{"taxonomy":"category","embeddable":true,"href":"https:\/\/deultimominuto.com\/en\/wp-json\/wp\/v2\/categories?post=499544"},{"taxonomy":"post_tag","embeddable":true,"href":"https:\/\/deultimominuto.com\/en\/wp-json\/wp\/v2\/tags?post=499544"}],"curies":[{"name":"wp","href":"https:\/\/api.w.org\/{rel}","templated":true}]}}