{"id":499547,"date":"2026-02-06T18:21:32","date_gmt":"2026-02-06T22:21:32","guid":{"rendered":"https:\/\/deultimominuto.net\/en\/uncategorized\/they-celebrate-in-santiago-the-second-edition-of-the-charity-tournament-padel-for-a-cause-2-0-in-favor-of-children-with-cancer\/"},"modified":"2026-02-06T18:21:32","modified_gmt":"2026-02-06T22:21:32","slug":"they-celebrate-in-santiago-the-second-edition-of-the-charity-tournament-padel-for-a-cause-2-0-in-favor-of-children-with-cancer","status":"publish","type":"post","link":"https:\/\/deultimominuto.com\/en\/uncategorized\/they-celebrate-in-santiago-the-second-edition-of-the-charity-tournament-padel-for-a-cause-2-0-in-favor-of-children-with-cancer\/","title":{"rendered":"They celebrate in Santiago the second edition of the charity tournament &#8220;Padel for a Cause 2.0&#8221; in favor of children with cancer"},"content":{"rendered":"<strong>Santiago<\/strong>.- With the aim of joining efforts against childhood cancer, this weekend the second edition of the charity tournament \u201c<strong>P\u00e1del por Una Causa 2.0<\/strong>\u201d is celebrated in Santiago, an initiative that unites sport, entertainment and solidarity, and which will take place from Friday 6 to Sunday, February 8.\n\nThe <a href=\"https:\/\/www.instagram.com\/reel\/DSnALPdjXQN\/\" data-type=\"link\" data-id=\"https:\/\/www.instagram.com\/reel\/DSnALPdjXQN\/\" target=\"_blank\" rel=\"noopener\">event<\/a>, organized by Rafael Aybar, brings together more than 300 players and has the support of more than 200 sponsors, reflecting the commitment of the business sector, especially the construction area, and of society in general with a cause that transcends sports fields.\n\nAybar highlighted that this second edition consolidates a project that was born as a simple idea, but with a great capacity to generate social impact.\n\nHe recalled that the first delivery was a success in fundraising and participation, which motivated the addition of wills and the repetition of the experience. &#8220;<strong>I knew we could do something different, contribute our bit and generate hope for many children and their families,&#8221; he expressed<\/strong>.\n\nThe organizer highlighted that the tournament is conceived as a family and supportive event, in which friends, sponsors, and volunteers come together with a common purpose. &#8220;<strong>At the end of Sunday we can say how much we managed to raise thanks to the support of so many people committed to this cause<\/strong>&#8220;, he added.\n\nFor his part, Pantale\u00f3n Salcedo valued the initiative and the effort of the organizing team, as well as the integration of Santiago and Santo Domingo in the same solidarity project. He stressed that the construction sector &#8211; engineers, contractors and promoters &#8211; has actively joined to support institutions that work directly with children suffering from cancer, many of them from vulnerable communities and without resources to pay for medical treatments.\n\n\n<h6 class=\"wp-block-heading has-text-align-center\"><strong>You can also read: <a href=\"https:\/\/ab.deultimominuto.net\/nacionales\/puntacana-resort-celebro-el-padel\/\" target=\"_blank\" rel=\"noopener\">Puntacana Resort celebrated high-level padel at the closing<\/a><\/strong><\/h6>\n\n\nThis edition continues a movement initiated in 2025 in Santo Domingo, which today expands and connects both cities under the same purpose. The tournament is held to benefit the Voluntariado Jes\u00fas con los Ni\u00f1os de Santiago and the Fundaci\u00f3n Saint Jude of Santo Domingo, organizations that provide comprehensive support to children with cancer and their families.\n\nThrough this sports and social platform, &#8220;Padel for a Cause 2.0&#8221; seeks not only to raise funds, but also to raise awareness and generate a tangible impact, building hope and solidarity for those who need it most.","protected":false},"excerpt":{"rendered":"<p>Santiago.- With the aim of joining efforts against childhood cancer, this weekend the second edition of the charity tournament \u201cP\u00e1del por Una Causa 2.0\u201d is celebrated in Santiago, an initiative that unites sport, entertainment and solidarity, and which will take place from Friday 6 to Sunday, February 8. The event, organized by Rafael Aybar, brings [&hellip;]<\/p>\n","protected":false},"author":133543,"featured_media":0,"comment_status":"open","ping_status":"open","sticky":false,"template":"","format":"standard","meta":{"_acf_changed":false,"_jetpack_newsletter_access":"","_jetpack_dont_email_post_to_subs":false,"_jetpack_newsletter_tier_id":0,"_jetpack_memberships_contains_paywalled_content":false,"_jetpack_memberships_contains_paid_content":false,"footnotes":"","_members_access_role":[],"_members_access_error":""},"categories":[1],"tags":[],"class_list":["post-499547","post","type-post","status-publish","format-standard","category-uncategorized"],"acf":[],"jetpack_sharing_enabled":true,"jetpack_shortlink":"https:\/\/wp.me\/phj1q1-25Xd","jetpack_featured_media_url":"","dum_api":{"author_name":"Carolina \u00c1lvarez","author_image":"https:\/\/deultimominuto.com\/wp-content\/uploads\/2026\/05\/cropped-WhatsApp-Image-2026-05-26-at-5.31.57-PM-96x96.jpeg","categories_name":["Uncategorized"],"featured_media_url":null},"_links":{"self":[{"href":"https:\/\/deultimominuto.com\/en\/wp-json\/wp\/v2\/posts\/499547","targetHints":{"allow":["GET"]}}],"collection":[{"href":"https:\/\/deultimominuto.com\/en\/wp-json\/wp\/v2\/posts"}],"about":[{"href":"https:\/\/deultimominuto.com\/en\/wp-json\/wp\/v2\/types\/post"}],"author":[{"embeddable":true,"href":"https:\/\/deultimominuto.com\/en\/wp-json\/wp\/v2\/users\/133543"}],"replies":[{"embeddable":true,"href":"https:\/\/deultimominuto.com\/en\/wp-json\/wp\/v2\/comments?post=499547"}],"version-history":[{"count":0,"href":"https:\/\/deultimominuto.com\/en\/wp-json\/wp\/v2\/posts\/499547\/revisions"}],"wp:attachment":[{"href":"https:\/\/deultimominuto.com\/en\/wp-json\/wp\/v2\/media?parent=499547"}],"wp:term":[{"taxonomy":"category","embeddable":true,"href":"https:\/\/deultimominuto.com\/en\/wp-json\/wp\/v2\/categories?post=499547"},{"taxonomy":"post_tag","embeddable":true,"href":"https:\/\/deultimominuto.com\/en\/wp-json\/wp\/v2\/tags?post=499547"}],"curies":[{"name":"wp","href":"https:\/\/api.w.org\/{rel}","templated":true}]}}