{"id":499646,"date":"2026-02-08T16:13:37","date_gmt":"2026-02-08T20:13:37","guid":{"rendered":"https:\/\/deultimominuto.net\/en\/uncategorized\/judicial-office-recesses-hearing-for-alleged-embezzlement-of-rd40-million-in-barra-payan-company\/"},"modified":"2026-02-08T16:13:37","modified_gmt":"2026-02-08T20:13:37","slug":"judicial-office-recesses-hearing-for-alleged-embezzlement-of-rd40-million-in-barra-payan-company","status":"publish","type":"post","link":"https:\/\/deultimominuto.com\/en\/uncategorized\/judicial-office-recesses-hearing-for-alleged-embezzlement-of-rd40-million-in-barra-payan-company\/","title":{"rendered":"Judicial Office recesses hearing for alleged embezzlement of RD$40 million in Barra Pay\u00e1n company"},"content":{"rendered":"<strong><em>Santo Domingo.<\/em><\/strong> \u2013 The Judicial Office of Permanent Attention of the National District recessed for an hour, this Sunday, the hearing in which the request for a coercive measure against <strong>Marcos Antonio Fr\u00edas Garc\u00eda, Juan Ismael Fr\u00edas Garc\u00eda and Dagoberto Cabrera<\/strong>, administrators of the company <strong>Barra Pay\u00e1n<\/strong>, who are <a href=\"https:\/\/ab.deultimominuto.net\/nacionales\/reportan-tiroteo-en-barra-payan-de-la-romulo-betancourt\/\" target=\"_blank\" rel=\"noopener\">linked<\/a> to an alleged embezzlement of <strong>RD$40 million<\/strong> to the detriment of their partners.\n\nAccording to the investigation presented by the <strong>Public Ministry<\/strong>, the accused, responsible for the administration of the business, would have irregularly withheld part of the income generated by sales for several years, without depositing it in the company&#8217;s official accounts.\n\n\n<h5 class=\"wp-block-heading\"><strong>We recommend reading:<a href=\"https:\/\/ab.deultimominuto.net\/nacionales\/administradores-barra-payan\/\" target=\"_blank\" rel=\"noopener\">Barra Pay\u00e1n administrators arrested for alleged embezzlement of RD$40 million<\/a><\/strong><\/h5>\n\n\nThe alleged irregularities came to light after a <strong>financial audit<\/strong> was carried out, which revealed millionaire differences between the amounts invoiced for sales and the figures formally reported by the administration.\n\nThe prosecuting body maintains that these actions constitute a breach of the trust placed in the <a href=\"https:\/\/www.bing.com\/ck\/a?!&amp;&amp;p=720a11bd297011002c6867a7730aeca95cf9437709377d484f4f779a7969e7b9JmltdHM9MTc3MDUwODgwMA&amp;ptn=3&amp;ver=2&amp;hsh=4&amp;fclid=3dbea09f-5e2d-65b6-1824-b6755fa1649b&amp;psq=barra+payan&amp;u=a1aHR0cHM6Ly93d3cuYmFycmFwYXlhbi5jb20vZXM\" target=\"_blank\" rel=\"noopener\">accused<\/a> and requests the imposition of coercive measures in accordance with the seriousness of the alleged facts.\n\nThe hearing will be resumed once the recess ordered by the court is over, at which time the knowledge of the request presented by the Public Prosecutor&#8217;s Office will continue.","protected":false},"excerpt":{"rendered":"<p>Santo Domingo. \u2013 The Judicial Office of Permanent Attention of the National District recessed for an hour, this Sunday, the hearing in which the request for a coercive measure against Marcos Antonio Fr\u00edas Garc\u00eda, Juan Ismael Fr\u00edas Garc\u00eda and Dagoberto Cabrera, administrators of the company Barra Pay\u00e1n, who are linked to an alleged embezzlement of [&hellip;]<\/p>\n","protected":false},"author":111,"featured_media":0,"comment_status":"open","ping_status":"open","sticky":false,"template":"","format":"standard","meta":{"_acf_changed":false,"_jetpack_newsletter_access":"","_jetpack_dont_email_post_to_subs":false,"_jetpack_newsletter_tier_id":0,"_jetpack_memberships_contains_paywalled_content":false,"_jetpack_memberships_contains_paid_content":false,"footnotes":"","_members_access_role":[],"_members_access_error":""},"categories":[1],"tags":[],"class_list":["post-499646","post","type-post","status-publish","format-standard","category-uncategorized"],"acf":[],"jetpack_sharing_enabled":true,"jetpack_shortlink":"https:\/\/wp.me\/phj1q1-25YO","jetpack_featured_media_url":"","dum_api":{"author_name":"Ana Laura L\u00f3pez","author_image":"https:\/\/deultimominuto.com\/wp-content\/uploads\/2025\/01\/cropped-WhatsApp-Image-2025-01-29-at-1.45.56-PM-96x96.jpeg","categories_name":["Uncategorized"],"featured_media_url":null},"_links":{"self":[{"href":"https:\/\/deultimominuto.com\/en\/wp-json\/wp\/v2\/posts\/499646","targetHints":{"allow":["GET"]}}],"collection":[{"href":"https:\/\/deultimominuto.com\/en\/wp-json\/wp\/v2\/posts"}],"about":[{"href":"https:\/\/deultimominuto.com\/en\/wp-json\/wp\/v2\/types\/post"}],"author":[{"embeddable":true,"href":"https:\/\/deultimominuto.com\/en\/wp-json\/wp\/v2\/users\/111"}],"replies":[{"embeddable":true,"href":"https:\/\/deultimominuto.com\/en\/wp-json\/wp\/v2\/comments?post=499646"}],"version-history":[{"count":0,"href":"https:\/\/deultimominuto.com\/en\/wp-json\/wp\/v2\/posts\/499646\/revisions"}],"wp:attachment":[{"href":"https:\/\/deultimominuto.com\/en\/wp-json\/wp\/v2\/media?parent=499646"}],"wp:term":[{"taxonomy":"category","embeddable":true,"href":"https:\/\/deultimominuto.com\/en\/wp-json\/wp\/v2\/categories?post=499646"},{"taxonomy":"post_tag","embeddable":true,"href":"https:\/\/deultimominuto.com\/en\/wp-json\/wp\/v2\/tags?post=499646"}],"curies":[{"name":"wp","href":"https:\/\/api.w.org\/{rel}","templated":true}]}}