{"id":499648,"date":"2026-02-08T16:24:17","date_gmt":"2026-02-08T20:24:17","guid":{"rendered":"https:\/\/deultimominuto.net\/en\/uncategorized\/mayor-alex-diaz-agrees-to-regulation-of-the-use-of-electric-scooters-in-san-francisco-de-macoris\/"},"modified":"2026-02-08T16:24:17","modified_gmt":"2026-02-08T20:24:17","slug":"mayor-alex-diaz-agrees-to-regulation-of-the-use-of-electric-scooters-in-san-francisco-de-macoris","status":"publish","type":"post","link":"https:\/\/deultimominuto.com\/en\/uncategorized\/mayor-alex-diaz-agrees-to-regulation-of-the-use-of-electric-scooters-in-san-francisco-de-macoris\/","title":{"rendered":"Mayor Alex D\u00edaz agrees to regulation of the use of electric scooters in San Francisco de Macor\u00eds"},"content":{"rendered":"<em><strong>San Francisco de Macor\u00eds.<\/strong><\/em> \u2013 The mayor of San Francisco de Macor\u00eds, <strong>Alex D\u00edaz<\/strong>, reported that the City Council reached an agreement with the owners of the electric scooters operating in the municipality, with the purpose of regulating their use and reinforcing citizen security.\n\nThe municipal executive explained that, as part of the agreed measures, <strong>only adults will be able to rent and use electric scooters<\/strong>, with their rental strictly prohibited to minors, due to the risks that this practice represents, especially for children and adolescents.\n\nD\u00edaz pointed out that the decision arises after evaluating situations that put the physical integrity of users and passers-by at risk, reaffirming the commitment of the <a href=\"https:\/\/www.bing.com\/ck\/a?!&amp;&amp;p=3a497a2bb6d0195ac58e9b93e0bfb4e2ed15362cd9bfb243fe8fa15b9396f393JmltdHM9MTc3MDUwODgwMA&amp;ptn=3&amp;ver=2&amp;hsh=4&amp;fclid=3dbea09f-5e2d-65b6-1824-b6755fa1649b&amp;psq=Alcalde+Alex+D%c3%adaz&amp;u=a1aHR0cHM6Ly9heXVudGFtaWVudG9zZm0uZ29iLmRvL2NhdGVnb3JpYS9ub3RpY2lhcy9hbGNhbGRlLWFsZXgparameter is either empty or invalid.WZpY2Fyc2Uparameter is either empty or invalid.S1lbC1kZXNhcnJvbGxvLXNvc3RlbmlibGUtZW5jYWJlemEtYWN0b3MtMjQ3LWFub3MtZnVuZGFjaW9uLXNmbQ\" target=\"_blank\" rel=\"noopener\"> City Hall <\/a> with the prevention of accidents and order in public spaces.\n\n\n<h2 class=\"wp-block-heading\"><strong>We recommend reading:<a href=\"https:\/\/ab.deultimominuto.net\/nacionales\/norisbel-uceta-estalla-tragedia\/\" target=\"_blank\" rel=\"noopener\">&#8220;We are doing very badly as a society&#8221;: Norisbel Uceta explodes after fratricide in San Francisco de Macor\u00eds<\/a><\/strong><\/h2>\n\n\nThe mayor highlighted the willingness shown by the scooter owners to collaborate with the municipal authorities and assured that the City Council will follow up on compliance with the agreement, as part of the actions aimed at improving mobility and safety in the city.","protected":false},"excerpt":{"rendered":"<p>San Francisco de Macor\u00eds. \u2013 The mayor of San Francisco de Macor\u00eds, Alex D\u00edaz, reported that the City Council reached an agreement with the owners of the electric scooters operating in the municipality, with the purpose of regulating their use and reinforcing citizen security. The municipal executive explained that, as part of the agreed measures, [&hellip;]<\/p>\n","protected":false},"author":111,"featured_media":0,"comment_status":"open","ping_status":"open","sticky":false,"template":"","format":"standard","meta":{"_acf_changed":false,"_jetpack_newsletter_access":"","_jetpack_dont_email_post_to_subs":false,"_jetpack_newsletter_tier_id":0,"_jetpack_memberships_contains_paywalled_content":false,"_jetpack_memberships_contains_paid_content":false,"footnotes":"","_members_access_role":[],"_members_access_error":""},"categories":[1],"tags":[],"class_list":["post-499648","post","type-post","status-publish","format-standard","category-uncategorized"],"acf":[],"jetpack_sharing_enabled":true,"jetpack_shortlink":"https:\/\/wp.me\/phj1q1-25YQ","jetpack_featured_media_url":"","dum_api":{"author_name":"Ana Laura L\u00f3pez","author_image":"https:\/\/deultimominuto.com\/wp-content\/uploads\/2025\/01\/cropped-WhatsApp-Image-2025-01-29-at-1.45.56-PM-96x96.jpeg","categories_name":["Uncategorized"],"featured_media_url":null},"_links":{"self":[{"href":"https:\/\/deultimominuto.com\/en\/wp-json\/wp\/v2\/posts\/499648","targetHints":{"allow":["GET"]}}],"collection":[{"href":"https:\/\/deultimominuto.com\/en\/wp-json\/wp\/v2\/posts"}],"about":[{"href":"https:\/\/deultimominuto.com\/en\/wp-json\/wp\/v2\/types\/post"}],"author":[{"embeddable":true,"href":"https:\/\/deultimominuto.com\/en\/wp-json\/wp\/v2\/users\/111"}],"replies":[{"embeddable":true,"href":"https:\/\/deultimominuto.com\/en\/wp-json\/wp\/v2\/comments?post=499648"}],"version-history":[{"count":0,"href":"https:\/\/deultimominuto.com\/en\/wp-json\/wp\/v2\/posts\/499648\/revisions"}],"wp:attachment":[{"href":"https:\/\/deultimominuto.com\/en\/wp-json\/wp\/v2\/media?parent=499648"}],"wp:term":[{"taxonomy":"category","embeddable":true,"href":"https:\/\/deultimominuto.com\/en\/wp-json\/wp\/v2\/categories?post=499648"},{"taxonomy":"post_tag","embeddable":true,"href":"https:\/\/deultimominuto.com\/en\/wp-json\/wp\/v2\/tags?post=499648"}],"curies":[{"name":"wp","href":"https:\/\/api.w.org\/{rel}","templated":true}]}}