{"id":499845,"date":"2026-02-10T19:49:05","date_gmt":"2026-02-10T23:49:05","guid":{"rendered":"https:\/\/deultimominuto.net\/en\/uncategorized\/movement-united-we-are-more-calls-for-a-vehicular-caravan-in-puerto-plata-against-mining-in-the-cordillera-septentrional\/"},"modified":"2026-02-10T19:49:05","modified_gmt":"2026-02-10T23:49:05","slug":"movement-united-we-are-more-calls-for-a-vehicular-caravan-in-puerto-plata-against-mining-in-the-cordillera-septentrional","status":"publish","type":"post","link":"https:\/\/deultimominuto.com\/en\/uncategorized\/movement-united-we-are-more-calls-for-a-vehicular-caravan-in-puerto-plata-against-mining-in-the-cordillera-septentrional\/","title":{"rendered":"Movement \u201cUnited We Are More\u201d calls for a vehicular caravan in Puerto Plata against mining in the Cordillera Septentrional"},"content":{"rendered":"\n<p class=\"wp-block-paragraph\"><strong>Puerto Plata.-<\/strong>The social and environmental movement \u201cUnidos Somos M\u00e1s\u201d (United We Are More) has called for this Thursday, February 12, 2026, starting at 8:00 in the morning, a peaceful vehicular march-caravan that will have as its main stage the province of Puerto Plata, in categorical rejection of mining exploitation and in defense of the Cordillera Septentrional, considered one of the main water reserves in the north of the country.<\/p>\n\n\nThe announcement was reiterated by priest Nino Ramos, spokesperson for the movement, who warned that allowing mining projects in the mountain range would mean endangering access to water for hundreds of communities and compromising the food and environmental security of the entire region. &#8220;The Constitution is clear. Article 15 establishes that the human use of water is prioritized over any other. Accepting a historically irresponsible mining would be to take away the water from communities that produce the food that reaches our tables,&#8221; he affirmed.\n\nRamos also recalled that Article 67 of the Magna Carta obliges the Dominican State to protect the environment for present and future generations, which is why he called unacceptable any initiative that, under the argument of development, threatens the Cordillera Septentrional. &#8220;Our struggle is constitutional, legitimate and permanent,&#8221; he stressed.\n\n\n<h5 class=\"wp-block-heading\"><strong>We recommend reading:<a href=\"https:\/\/ab.deultimominuto.net\/nacionales\/solicitan-construya-pista-ciclismo\/\" target=\"_blank\" rel=\"noopener\">They request that a cycling track be built in La Barranquita, Santiago<\/a><\/strong><\/h5>\n\n\nThe priest was emphatic in warning that Puerto Plata will not retreat from the streets. &#8220;We are not afraid of either police or military. We are going to the streets to defend the Constitution and the water. This mobilization will not be isolated: we will be in the streets every month, here in Puerto Plata, in Santiago and in all the affected towns, until the Government backs down on these plans,&#8221; he declared.\n\nThe mobilization is supported by residents of the municipal districts of R\u00edo Grande, Y\u00e1sica Arriba, Pedro Garc\u00eda and San Francisco de Jacagua, along with priests, neighborhood councils, environmental organizations, cooperatives, educational institutions, professionals, transportation organizations, as well as ecotourism, cultural tourism and rural tourism managers, sectors that warn that mining would put at risk the productive and tourist vocation of Puerto Plata.\n\nAs part of the day, the organizers called for national and international solidarity, urging the population to turn on the hazard lights of their vehicles between 8:00 and 11:00 in the morning, as a sign of support for the defense of the so-called &#8220;green gold&#8221;: water, forests, and biodiversity.\n\nThe caravan will depart from the entrance of Guzmancito, on the Puerto Plata\u2013Navarrete highway, will tour the main streets of the city, will turn at the roundabout of the Jumbo supermarket and will head towards the street in front of the Palace of Justice of Puerto Plata, where the priests will issue a message to the press. The tour will conclude along the malec\u00f3n, returning to the starting point.\n\nYou can also read: <a href=\"https:\/\/ab.deultimominuto.net\/nacionales\/abinader-inaugurara-centros\/\" target=\"_blank\" rel=\"noopener\">Abinader will inaugurate educational centers, a bridge and expansion of aqueduct in Azua<\/a>\n\nThe movement indicated that the protest is also an act of solidarity with communities in the South, especially San Juan de la Maguana, and with Restauraci\u00f3n, which are facing similar situations. &#8220;Our fight is not political. It is for the Homeland, for the Constitution and for life. We will not allow the Cordillera Septentrional to be negotiated or surrendered. Puerto Plata is not for sale and the water is not to be touched,&#8221; they indicated","protected":false},"excerpt":{"rendered":"<p>Puerto Plata.-The social and environmental movement \u201cUnidos Somos M\u00e1s\u201d (United We Are More) has called for this Thursday, February 12, 2026, starting at 8:00 in the morning, a peaceful vehicular march-caravan that will have as its main stage the province of Puerto Plata, in categorical rejection of mining exploitation and in defense of the Cordillera [&hellip;]<\/p>\n","protected":false},"author":111,"featured_media":0,"comment_status":"open","ping_status":"open","sticky":false,"template":"","format":"standard","meta":{"_acf_changed":false,"_jetpack_newsletter_access":"","_jetpack_dont_email_post_to_subs":false,"_jetpack_newsletter_tier_id":0,"_jetpack_memberships_contains_paywalled_content":false,"_jetpack_memberships_contains_paid_content":false,"footnotes":"","_members_access_role":[],"_members_access_error":""},"categories":[1],"tags":[],"class_list":["post-499845","post","type-post","status-publish","format-standard","category-uncategorized"],"acf":[],"jetpack_sharing_enabled":true,"jetpack_shortlink":"https:\/\/wp.me\/phj1q1-2621","jetpack_featured_media_url":"","dum_api":{"author_name":"Ana Laura L\u00f3pez","author_image":"https:\/\/deultimominuto.com\/wp-content\/uploads\/2025\/01\/cropped-WhatsApp-Image-2025-01-29-at-1.45.56-PM-96x96.jpeg","categories_name":["Uncategorized"],"featured_media_url":null},"_links":{"self":[{"href":"https:\/\/deultimominuto.com\/en\/wp-json\/wp\/v2\/posts\/499845","targetHints":{"allow":["GET"]}}],"collection":[{"href":"https:\/\/deultimominuto.com\/en\/wp-json\/wp\/v2\/posts"}],"about":[{"href":"https:\/\/deultimominuto.com\/en\/wp-json\/wp\/v2\/types\/post"}],"author":[{"embeddable":true,"href":"https:\/\/deultimominuto.com\/en\/wp-json\/wp\/v2\/users\/111"}],"replies":[{"embeddable":true,"href":"https:\/\/deultimominuto.com\/en\/wp-json\/wp\/v2\/comments?post=499845"}],"version-history":[{"count":0,"href":"https:\/\/deultimominuto.com\/en\/wp-json\/wp\/v2\/posts\/499845\/revisions"}],"wp:attachment":[{"href":"https:\/\/deultimominuto.com\/en\/wp-json\/wp\/v2\/media?parent=499845"}],"wp:term":[{"taxonomy":"category","embeddable":true,"href":"https:\/\/deultimominuto.com\/en\/wp-json\/wp\/v2\/categories?post=499845"},{"taxonomy":"post_tag","embeddable":true,"href":"https:\/\/deultimominuto.com\/en\/wp-json\/wp\/v2\/tags?post=499845"}],"curies":[{"name":"wp","href":"https:\/\/api.w.org\/{rel}","templated":true}]}}