{"id":500498,"date":"2026-02-19T16:08:59","date_gmt":"2026-02-19T20:08:59","guid":{"rendered":"https:\/\/deultimominuto.net\/en\/uncategorized\/president-of-peru-reaffirms-stance-that-early-sex-helps-women\/"},"modified":"2026-02-19T16:08:59","modified_gmt":"2026-02-19T20:08:59","slug":"president-of-peru-reaffirms-stance-that-early-sex-helps-women","status":"publish","type":"post","link":"https:\/\/deultimominuto.com\/en\/international\/president-of-peru-reaffirms-stance-that-early-sex-helps-women\/","title":{"rendered":"President of Peru reaffirms stance that early sex helps women"},"content":{"rendered":"\n<p class=\"wp-block-paragraph\"><strong>Lima.- <\/strong>The new interim president of <strong>Peru, the leftist Jos\u00e9 Mar\u00eda Balc\u00e1zar,<\/strong> reaffirmed on his first day as president his controversial stance on early sexual relations, which he says help the psychological future of women and which already caused outrage in 2023 when he was a congressman.<\/p>\n\n\n\n<p class=\"wp-block-paragraph\"><strong>&#8220;I never change my opinion, I am a man permanently firm in my convictions and what I speak, I speak with propriety and I consider myself a man who, in this specific case that you tell me, I have always thought well, I have exercised it as a judge and I know and have the culture to talk about that&#8221;<\/strong>, said Balc\u00e1zar in his first interview as president, with the radio station RPP.<\/p>\n\n\n\n<p class=\"wp-block-paragraph\"><strong>You may be interested in:<\/strong> <a href=\"http:\/\/El izquierdista Jos\u00e9 Mar\u00eda Balc\u00e1zar es el nuevo presidente interino de Per\u00fa\">http:\/\/The leftist Jos\u00e9 Mar\u00eda Balc\u00e1zar is the new interim president of Peru<\/a><\/p>\n\n\nNext, they were also asked about their position on child marriage, on whose prohibition Balc\u00e1zar abstained from supporting in the vote that took place in Parliament in 2023, to prevent marital unions with minors.\n\nInitially, after hearing the question, Balc\u00e1zar, 83 years old, asked to talk about &#8220;more important things&#8221; because he stated that they want to weave &#8220;black legends&#8221; about him on this issue.\n\n<strong>&#8220;I have a clean life and an impeccable track record in such a way that I would not like to go back to this, retracting things that journalists call in the writings,&#8221;<\/strong> he said.\n\nFaced with the journalist&#8217;s insistence, who questioned him about whether he had changed his mind about it, he replied that he had not.\n\nSocial organizations such as the National Human Rights Coordinator (Cnddhh) rejected on Wednesday night the appointment of Balc\u00e1zar, precisely recalling these statements that were ratified this Thursday.\n\n\n<p class=\"wp-block-paragraph\"><strong>&#8220;The designation of an authority with a questionable public record and with statements that justify sexual violence against girls and adolescents generates legitimate citizen alarm (&#8230;) The statements in which he maintained that early sexual relations could &#8216;help the psychological future of women&#8217; are unacceptable,&#8221;<\/strong> he pointed out.<\/p>\n\n\nHe added that this position contradicts the current national and international legal framework and disregards international standards regarding the comprehensive protection of children and adolescents, including the Convention on the Rights of the Child.\n\nSimilarly, the feminist organization Flora Trist\u00e1n issued a statement in which it states that Balc\u00e1zar has made worrying statements that have violated fundamental standards such as the best interests of the child.\n\n&#8220;Those who minimize violence against women and girls are not expressing an isolated opinion, they are showing a complacent attitude towards abuse,&#8221; she added.\n\nBalc\u00e1zar assumed the Presidency on an interim basis to lead the Executive until July 28, when he will hand over the presidential command to the winner of the presidential elections that are already underway and that will have the first round on April 12th.&nbsp;","protected":false},"excerpt":{"rendered":"<p>Lima.- The new interim president of Peru, the leftist Jos\u00e9 Mar\u00eda Balc\u00e1zar, reaffirmed on his first day as president his controversial stance on early sexual relations, which he says help the psychological future of women and which already caused outrage in 2023 when he was a congressman. &#8220;I never change my opinion, I am a [&hellip;]<\/p>\n","protected":false},"author":3,"featured_media":0,"comment_status":"open","ping_status":"open","sticky":false,"template":"","format":"standard","meta":{"_acf_changed":false,"_jetpack_newsletter_access":"","_jetpack_dont_email_post_to_subs":false,"_jetpack_newsletter_tier_id":0,"_jetpack_memberships_contains_paywalled_content":false,"_jetpack_memberships_contains_paid_content":false,"footnotes":"","_members_access_role":[],"_members_access_error":""},"categories":[95],"tags":[156],"class_list":["post-500498","post","type-post","status-publish","format-standard","category-international","tag-peru"],"acf":[],"jetpack_sharing_enabled":true,"jetpack_shortlink":"https:\/\/wp.me\/phj1q1-26cy","jetpack_featured_media_url":"","dum_api":{"author_name":"EFE","author_image":"https:\/\/deultimominuto.com\/wp-content\/uploads\/2021\/08\/1200px-EFE_logo.svg-96x96.png","categories_name":["International"],"featured_media_url":null},"_links":{"self":[{"href":"https:\/\/deultimominuto.com\/en\/wp-json\/wp\/v2\/posts\/500498","targetHints":{"allow":["GET"]}}],"collection":[{"href":"https:\/\/deultimominuto.com\/en\/wp-json\/wp\/v2\/posts"}],"about":[{"href":"https:\/\/deultimominuto.com\/en\/wp-json\/wp\/v2\/types\/post"}],"author":[{"embeddable":true,"href":"https:\/\/deultimominuto.com\/en\/wp-json\/wp\/v2\/users\/3"}],"replies":[{"embeddable":true,"href":"https:\/\/deultimominuto.com\/en\/wp-json\/wp\/v2\/comments?post=500498"}],"version-history":[{"count":0,"href":"https:\/\/deultimominuto.com\/en\/wp-json\/wp\/v2\/posts\/500498\/revisions"}],"wp:attachment":[{"href":"https:\/\/deultimominuto.com\/en\/wp-json\/wp\/v2\/media?parent=500498"}],"wp:term":[{"taxonomy":"category","embeddable":true,"href":"https:\/\/deultimominuto.com\/en\/wp-json\/wp\/v2\/categories?post=500498"},{"taxonomy":"post_tag","embeddable":true,"href":"https:\/\/deultimominuto.com\/en\/wp-json\/wp\/v2\/tags?post=500498"}],"curies":[{"name":"wp","href":"https:\/\/api.w.org\/{rel}","templated":true}]}}