{"id":500756,"date":"2026-02-23T17:39:13","date_gmt":"2026-02-23T21:39:13","guid":{"rendered":"https:\/\/deultimominuto.net\/en\/uncategorized\/hato-mayor-court-sentences-a-man-who-abused-a-girl-to-10-years-in-prison\/"},"modified":"2026-02-23T17:39:13","modified_gmt":"2026-02-23T21:39:13","slug":"hato-mayor-court-sentences-a-man-who-abused-a-girl-to-10-years-in-prison","status":"publish","type":"post","link":"https:\/\/deultimominuto.com\/en\/dominican-news\/justice\/hato-mayor-court-sentences-a-man-who-abused-a-girl-to-10-years-in-prison\/","title":{"rendered":"Hato Mayor Court sentences a man who abused a girl to 10 years in prison"},"content":{"rendered":"<strong>Santo Domingo<\/strong>.- A court in the judicial district of <strong>Hato Mayor<\/strong> sentenced a man to ten years in prison for sexually abusing a girl on several occasions, the <strong>Public Ministry<\/strong> reported this Monday.\n\nAccording to the prosecution&#8217;s file, the events occurred in the home where the minor, ten years of age, resided.\n\n\n<p class=\"wp-block-paragraph\"><strong>You may be interested in:<\/strong> <a href=\"http:\/\/Condenan a 30 a\u00f1os a hombre que asesin\u00f3 a expareja y le incendi\u00f3 la vivienda en Nagua\">http:\/\/Condenan a 30 a\u00f1os a hombre que asesin\u00f3 a expareja y le incendi\u00f3 la vivienda en Nagua<\/a><\/p>\n\n\nThe incident was reported on December 30, 2024, at the <strong>Hato Mayor Complaint Reception Center<\/strong>, which subsequently initiated an investigation.\n\nThe condemned man was arrested a month later, on January 25, 2025, by a court order from the Investigating Court of Hato Mayor.\n\nThe processed, Luis Alberto Marte Vilorio, must serve the sentence in the public prison of El Seibo.","protected":false},"excerpt":{"rendered":"<p>Santo Domingo.- A court in the judicial district of Hato Mayor sentenced a man to ten years in prison for sexually abusing a girl on several occasions, the Public Ministry reported this Monday. According to the prosecution&#8217;s file, the events occurred in the home where the minor, ten years of age, resided. You may be [&hellip;]<\/p>\n","protected":false},"author":4,"featured_media":0,"comment_status":"open","ping_status":"open","sticky":false,"template":"","format":"standard","meta":{"_acf_changed":false,"_jetpack_newsletter_access":"","_jetpack_dont_email_post_to_subs":false,"_jetpack_newsletter_tier_id":0,"_jetpack_memberships_contains_paywalled_content":false,"_jetpack_memberships_contains_paid_content":false,"footnotes":"","_members_access_role":[],"_members_access_error":""},"categories":[36952],"tags":[20182],"class_list":["post-500756","post","type-post","status-publish","format-standard","category-justice","tag-hato-mayor"],"acf":[],"jetpack_sharing_enabled":true,"jetpack_shortlink":"https:\/\/wp.me\/phj1q1-26gI","jetpack_featured_media_url":"","dum_api":{"author_name":"Redacci\u00f3n De \u00daltimo Minuto","author_image":"https:\/\/deultimominuto.com\/wp-content\/uploads\/2025\/02\/cropped-logo-de-ultimo-minuto-96x96.png","categories_name":["Justice"],"featured_media_url":null},"_links":{"self":[{"href":"https:\/\/deultimominuto.com\/en\/wp-json\/wp\/v2\/posts\/500756","targetHints":{"allow":["GET"]}}],"collection":[{"href":"https:\/\/deultimominuto.com\/en\/wp-json\/wp\/v2\/posts"}],"about":[{"href":"https:\/\/deultimominuto.com\/en\/wp-json\/wp\/v2\/types\/post"}],"author":[{"embeddable":true,"href":"https:\/\/deultimominuto.com\/en\/wp-json\/wp\/v2\/users\/4"}],"replies":[{"embeddable":true,"href":"https:\/\/deultimominuto.com\/en\/wp-json\/wp\/v2\/comments?post=500756"}],"version-history":[{"count":0,"href":"https:\/\/deultimominuto.com\/en\/wp-json\/wp\/v2\/posts\/500756\/revisions"}],"wp:attachment":[{"href":"https:\/\/deultimominuto.com\/en\/wp-json\/wp\/v2\/media?parent=500756"}],"wp:term":[{"taxonomy":"category","embeddable":true,"href":"https:\/\/deultimominuto.com\/en\/wp-json\/wp\/v2\/categories?post=500756"},{"taxonomy":"post_tag","embeddable":true,"href":"https:\/\/deultimominuto.com\/en\/wp-json\/wp\/v2\/tags?post=500756"}],"curies":[{"name":"wp","href":"https:\/\/api.w.org\/{rel}","templated":true}]}}