{"id":500796,"date":"2026-02-23T21:27:15","date_gmt":"2026-02-24T01:27:15","guid":{"rendered":"https:\/\/deultimominuto.net\/en\/uncategorized\/delcy-rodriguez-denounces-plan-by-people-in-the-u-s-to-disrupt-amnesty-in-venezuela\/"},"modified":"2026-02-23T21:27:15","modified_gmt":"2026-02-24T01:27:15","slug":"delcy-rodriguez-denounces-plan-by-people-in-the-u-s-to-disrupt-amnesty-in-venezuela","status":"publish","type":"post","link":"https:\/\/deultimominuto.com\/en\/international\/delcy-rodriguez-denounces-plan-by-people-in-the-u-s-to-disrupt-amnesty-in-venezuela\/","title":{"rendered":"Delcy Rodr\u00edguez denounces plan by people in the U.S. to &#8220;disrupt&#8221; amnesty in Venezuela"},"content":{"rendered":"<strong>Caracas.-<\/strong> The acting president of <strong>Venezuela, Delcy Rodr\u00edguez,<\/strong> said on Monday that some sectors are making an <strong>&#8220;incorrect&#8221;<\/strong> reading of what is happening in the country with the amnesty law and denounced alleged plans by people in the United States and Europe to &#8220;disturb&#8221; the process.\n\n\n<p class=\"wp-block-paragraph\"><strong>&#8220;Some sectors are misinterpreting the amnesty law and the coexistence program. They already have plans and in due course I will show them to the country so that it is known who, from a luxurious hotel in the United States or Europe, intend to derail this process,&#8221;<\/strong> he said in a meeting with &#8220;victims of political violence&#8221; at the Miraflores Presidential Palace in Caracas.<\/p>\n\n\n\n<p class=\"wp-block-paragraph\"><strong>You may be interested in:<\/strong> <a href=\"http:\/\/Delcy Rodr\u00edguez: &quot;We are ready to defend Venezuela and its natural resources&quot;\">http:\/\/Delcy Rodr\u00edguez: &#8220;We are ready to defend Venezuela and its natural resources&#8221;<\/a><\/p>\n\n\nThe president did not directly point to anyone, but opposition leaders Mar\u00eda Corina Machado and Edmundo Gonz\u00e1lez are in the United States and Europe, respectively.\n\nHe insisted that the supposed sectors seek to &#8220;disturb&#8221; the &#8220;tranquility&#8221; in Venezuela and are measuring the process from a &#8220;partisan political defeat&#8221;.\n\n&#8220;And there I say: no repetition. And there I call for a genuine and true justice because enough is enough, enough is enough. This process (&#8230;) must be taken care of,&#8221; he continued.\n\nHe also indicated that all those who want to return to the country in the midst of this &#8220;healing process of hatred&#8221; are welcome.\n\nDelcy Rodr\u00edguez was sworn in as acting president on January 5 before Parliament, which is led by her brother Jorge Rodr\u00edguez, two days after the United States captured President Nicol\u00e1s Maduro and his wife, Cilia Flores, in an operation in Caracas.\n\nThe president has spoken of a &#8220;new political moment&#8221; after Maduro&#8217;s capture, ordering the review of cases of detainees for political reasons and promoting an amnesty law that was approved last Thursday.\n\nAccording to the president of the parliamentary commission for the fulfillment of the Amnesty, the Chavista Jorge Arreaza, a total of 2,021 people with precautionary measures and 177 prisoners have benefited from the law.\n\nBetween January 8 and February 22, the NGO Foro Penal had verified 464 releases in the South American country; and at least 65 releases since the amnesty was approved last Thursday.\n\nThis NGO differentiates full releases from parole, since in the latter the beneficiaries are released from prison, but with parole and precautionary measures, such as the prohibition of leaving the country or a regime of periodic presentation before courts.\n\nAccording to Foro Penal records, at least 400 political prisoners could be excluded from the amnesty, while the NGO counts more than 600 detainees for these reasons who remain incarcerated, while the Government denies that there are people detained in Venezuela for political reasons and assures that they committed crimes.","protected":false},"excerpt":{"rendered":"<p>Caracas.- The acting president of Venezuela, Delcy Rodr\u00edguez, said on Monday that some sectors are making an &#8220;incorrect&#8221; reading of what is happening in the country with the amnesty law and denounced alleged plans by people in the United States and Europe to &#8220;disturb&#8221; the process. &#8220;Some sectors are misinterpreting the amnesty law and the [&hellip;]<\/p>\n","protected":false},"author":3,"featured_media":0,"comment_status":"open","ping_status":"open","sticky":false,"template":"","format":"standard","meta":{"_acf_changed":false,"_jetpack_newsletter_access":"","_jetpack_dont_email_post_to_subs":false,"_jetpack_newsletter_tier_id":0,"_jetpack_memberships_contains_paywalled_content":false,"_jetpack_memberships_contains_paid_content":false,"footnotes":"","_members_access_role":[],"_members_access_error":""},"categories":[95],"tags":[35998,40230,110],"class_list":["post-500796","post","type-post","status-publish","format-standard","category-international","tag-delcy-rodriguez","tag-united-states","tag-venezuela"],"acf":[],"jetpack_sharing_enabled":true,"jetpack_shortlink":"https:\/\/wp.me\/phj1q1-26hm","jetpack_featured_media_url":"","dum_api":{"author_name":"EFE","author_image":"https:\/\/deultimominuto.com\/wp-content\/uploads\/2021\/08\/1200px-EFE_logo.svg-96x96.png","categories_name":["International"],"featured_media_url":null},"_links":{"self":[{"href":"https:\/\/deultimominuto.com\/en\/wp-json\/wp\/v2\/posts\/500796","targetHints":{"allow":["GET"]}}],"collection":[{"href":"https:\/\/deultimominuto.com\/en\/wp-json\/wp\/v2\/posts"}],"about":[{"href":"https:\/\/deultimominuto.com\/en\/wp-json\/wp\/v2\/types\/post"}],"author":[{"embeddable":true,"href":"https:\/\/deultimominuto.com\/en\/wp-json\/wp\/v2\/users\/3"}],"replies":[{"embeddable":true,"href":"https:\/\/deultimominuto.com\/en\/wp-json\/wp\/v2\/comments?post=500796"}],"version-history":[{"count":0,"href":"https:\/\/deultimominuto.com\/en\/wp-json\/wp\/v2\/posts\/500796\/revisions"}],"wp:attachment":[{"href":"https:\/\/deultimominuto.com\/en\/wp-json\/wp\/v2\/media?parent=500796"}],"wp:term":[{"taxonomy":"category","embeddable":true,"href":"https:\/\/deultimominuto.com\/en\/wp-json\/wp\/v2\/categories?post=500796"},{"taxonomy":"post_tag","embeddable":true,"href":"https:\/\/deultimominuto.com\/en\/wp-json\/wp\/v2\/tags?post=500796"}],"curies":[{"name":"wp","href":"https:\/\/api.w.org\/{rel}","templated":true}]}}