{"id":500993,"date":"2026-02-25T21:52:50","date_gmt":"2026-02-26T01:52:50","guid":{"rendered":"https:\/\/deultimominuto.net\/en\/uncategorized\/abinader-inaugurates-bayaguana-el-puerto-highway-in-monte-plata\/"},"modified":"2026-02-25T21:52:50","modified_gmt":"2026-02-26T01:52:50","slug":"abinader-inaugurates-bayaguana-el-puerto-highway-in-monte-plata","status":"publish","type":"post","link":"https:\/\/deultimominuto.com\/en\/dominican-news\/abinader-inaugurates-bayaguana-el-puerto-highway-in-monte-plata\/","title":{"rendered":"Abinader inaugurates Bayaguana-El Puerto highway in Monte Plata"},"content":{"rendered":"\n<p class=\"wp-block-paragraph\"><strong>Santo Domingo.-<\/strong> President <strong>Luis Abinader<\/strong> inaugurated this Wednesday the <strong>Bayaguana\u2013El Puerto<\/strong> highway, in the province of Monte Plata, a work that responds to a <strong>&#8220;historical debt&#8221;<\/strong> with communities that for decades saw their development limited by the lack of a safe and efficient road connection, said a note from the Palace.<\/p>\n\n\nThe new route reorganizes the territorial dynamics by connecting provinces with routes that did not exist before.\n\n\n<p class=\"wp-block-paragraph\"><strong>You may be interested in: <\/strong><a href=\"http:\/\/Abinader inaugurates Doppler meteorological radar in Dominican Aeronautical Complex\">http:\/\/Abinader inaugurates Doppler meteorological radar in Dominican Aeronautical Complex<\/a><\/p>\n\n\nThe Bayaguana-El Puerto road is part of the 103-kilometer corridor made up of the Hato Mayor-El Puerto; El Puerto-Bayaguana; Bayaguana-Monte Plata, and Monte Plata-Cevicos roads, which will allow the eastern region to be connected from Hig\u00fcey and El Seibo with the northeastern provinces such as S\u00e1nchez Ram\u00edrez, Duarte, Mar\u00eda Trinidad S\u00e1nchez and Saman\u00e1, without having to travel through Santo Domingo.\n\nThe Minister of Public Works, Eduardo Estrella, highlighted that this work optimizes travel times, improves road safety, and strengthens the economic exchange between agricultural, commercial, and tourist communities in the region.\n\nThe work directly benefits communities such as El Mam\u00f3n, Libonao, Los Manantiales, La Lima, Las Ca\u00f1as, Majagual, El Puerto, Gonzalo and surrounding areas, reducing historical isolation, facilitating access to health, education and commerce, and decreasing the logistical costs of transporting people and goods.","protected":false},"excerpt":{"rendered":"<p>Santo Domingo.- President Luis Abinader inaugurated this Wednesday the Bayaguana\u2013El Puerto highway, in the province of Monte Plata, a work that responds to a &#8220;historical debt&#8221; with communities that for decades saw their development limited by the lack of a safe and efficient road connection, said a note from the Palace. The new route reorganizes [&hellip;]<\/p>\n","protected":false},"author":4,"featured_media":0,"comment_status":"open","ping_status":"open","sticky":false,"template":"","format":"standard","meta":{"_acf_changed":false,"_jetpack_newsletter_access":"","_jetpack_dont_email_post_to_subs":false,"_jetpack_newsletter_tier_id":0,"_jetpack_memberships_contains_paywalled_content":false,"_jetpack_memberships_contains_paid_content":false,"footnotes":"","_members_access_role":[],"_members_access_error":""},"categories":[40216],"tags":[21,41644],"class_list":["post-500993","post","type-post","status-publish","format-standard","category-dominican-news","tag-luis-abinader","tag-road"],"acf":[],"jetpack_sharing_enabled":true,"jetpack_shortlink":"https:\/\/wp.me\/phj1q1-26kx","jetpack_featured_media_url":"","dum_api":{"author_name":"Redacci\u00f3n De \u00daltimo Minuto","author_image":"https:\/\/deultimominuto.com\/wp-content\/uploads\/2025\/02\/cropped-logo-de-ultimo-minuto-96x96.png","categories_name":["Dominican News"],"featured_media_url":null},"_links":{"self":[{"href":"https:\/\/deultimominuto.com\/en\/wp-json\/wp\/v2\/posts\/500993","targetHints":{"allow":["GET"]}}],"collection":[{"href":"https:\/\/deultimominuto.com\/en\/wp-json\/wp\/v2\/posts"}],"about":[{"href":"https:\/\/deultimominuto.com\/en\/wp-json\/wp\/v2\/types\/post"}],"author":[{"embeddable":true,"href":"https:\/\/deultimominuto.com\/en\/wp-json\/wp\/v2\/users\/4"}],"replies":[{"embeddable":true,"href":"https:\/\/deultimominuto.com\/en\/wp-json\/wp\/v2\/comments?post=500993"}],"version-history":[{"count":0,"href":"https:\/\/deultimominuto.com\/en\/wp-json\/wp\/v2\/posts\/500993\/revisions"}],"wp:attachment":[{"href":"https:\/\/deultimominuto.com\/en\/wp-json\/wp\/v2\/media?parent=500993"}],"wp:term":[{"taxonomy":"category","embeddable":true,"href":"https:\/\/deultimominuto.com\/en\/wp-json\/wp\/v2\/categories?post=500993"},{"taxonomy":"post_tag","embeddable":true,"href":"https:\/\/deultimominuto.com\/en\/wp-json\/wp\/v2\/tags?post=500993"}],"curies":[{"name":"wp","href":"https:\/\/api.w.org\/{rel}","templated":true}]}}