{"id":501077,"date":"2026-02-26T21:01:40","date_gmt":"2026-02-27T01:01:40","guid":{"rendered":"https:\/\/deultimominuto.net\/en\/uncategorized\/abinader-will-attend-the-inauguration-of-the-chilean-president-elect-on-march-11\/"},"modified":"2026-02-26T21:01:40","modified_gmt":"2026-02-27T01:01:40","slug":"abinader-will-attend-the-inauguration-of-the-chilean-president-elect-on-march-11","status":"publish","type":"post","link":"https:\/\/deultimominuto.com\/en\/dominican-news\/abinader-will-attend-the-inauguration-of-the-chilean-president-elect-on-march-11\/","title":{"rendered":"Abinader will attend the inauguration of the Chilean president-elect on March 11"},"content":{"rendered":"<strong>Santiago de Chile<\/strong>.- A dozen heads of <strong>State or Government<\/strong> have confirmed their attendance at the inauguration on March 11 of the president-elect of <strong>Chile, Jos\u00e9 Antonio Kast<\/strong>, including King Felipe VI of Spain or the rulers of <strong>Argentina, Javier Milei, and Ecuador, Daniel Noboa,<\/strong> official sources reported this Thursday.\n\nThe 59-year-old ultra-Catholic former deputy will succeed the progressive <strong>Gabriel Boric<\/strong> and will become the first far-right president and the first defender of Augusto Pinochet&#8217;s regime (1973-1990) to come to power in democracy.\n\n\n<p class=\"wp-block-paragraph\"><strong>You may be interested in:<\/strong> <a href=\"https:\/\/ab.deultimominuto.net\/wp-content\/uploads\/2026\/02\/Foto-web_32.jpg\" data-type=\"attachment\" data-id=\"614659\" target=\"_blank\" rel=\"noopener\">Abinader inaugurates Villa Riva-Autopista del Nordeste highway<\/a><\/p>\n\n\nThe Chilean Foreign Ministry indicated in a statement that the presidents of Bolivia, Rodrigo Paz; Costa Rica, Rodrigo Chaves; Honduras, Nasry Asfura; Hungary, Tam\u00e1s Sulyok; Panama, Jos\u00e9 Ra\u00fal Mulino; Paraguay, Santiago Pe\u00f1a; Dominican Republic, Luis Abinader; Uruguay, Yamand\u00fa Orsi, as well as the Prime Minister of Haiti, Alix Fils-Aim\u00e9, will also travel to <strong>Chile<\/strong>.\n\nDuring an international tour, after winning the elections last December by a wide margin, Kast invited the Prime Minister of Italy, Georgia Meloni, and the President of El Salvador, Nayib Bukele, to the inauguration, two leaders to whom the future Chilean president has openly shown his admiration, but who have not yet confirmed their attendance.\n\nThose who have done so are the Vice President of <strong>El Salvador, F\u00e9lix Ulloa, and the Deputy Prime Minister and Minister of Foreign Affairs of Italy, Antonio Tajani.<\/strong>\n\nAlso, the Vice President of Equatorial Guinea, Teodoro Nguema Obiang Mangue; the Prime Minister of Cura\u00e7ao, Gilmar Pisas; and the Executive Vice President of the European Commission for a Clean, Just and Competitive Transition, Teresa Ribera, confirmed their presence at the inauguration, according to the Ministry of Foreign Affairs.\n\nIt is still unknown who will represent the United States at Kast&#8217;s inauguration, who has already said that he will be a partner of Donald Trump in the region and will attend the meeting of ultra leaders that the American president has convened for March 7 in Miami.","protected":false},"excerpt":{"rendered":"<p>Santiago de Chile.- A dozen heads of State or Government have confirmed their attendance at the inauguration on March 11 of the president-elect of Chile, Jos\u00e9 Antonio Kast, including King Felipe VI of Spain or the rulers of Argentina, Javier Milei, and Ecuador, Daniel Noboa, official sources reported this Thursday. The 59-year-old ultra-Catholic former deputy [&hellip;]<\/p>\n","protected":false},"author":4,"featured_media":0,"comment_status":"open","ping_status":"open","sticky":false,"template":"","format":"standard","meta":{"_acf_changed":false,"_jetpack_newsletter_access":"","_jetpack_dont_email_post_to_subs":false,"_jetpack_newsletter_tier_id":0,"_jetpack_memberships_contains_paywalled_content":false,"_jetpack_memberships_contains_paid_content":false,"footnotes":"","_members_access_role":[],"_members_access_error":""},"categories":[40216],"tags":[21],"class_list":["post-501077","post","type-post","status-publish","format-standard","category-dominican-news","tag-luis-abinader"],"acf":[],"jetpack_sharing_enabled":true,"jetpack_shortlink":"https:\/\/wp.me\/phj1q1-26lT","jetpack_featured_media_url":"","dum_api":{"author_name":"Redacci\u00f3n De \u00daltimo Minuto","author_image":"https:\/\/deultimominuto.com\/wp-content\/uploads\/2025\/02\/cropped-logo-de-ultimo-minuto-96x96.png","categories_name":["Dominican News"],"featured_media_url":null},"_links":{"self":[{"href":"https:\/\/deultimominuto.com\/en\/wp-json\/wp\/v2\/posts\/501077","targetHints":{"allow":["GET"]}}],"collection":[{"href":"https:\/\/deultimominuto.com\/en\/wp-json\/wp\/v2\/posts"}],"about":[{"href":"https:\/\/deultimominuto.com\/en\/wp-json\/wp\/v2\/types\/post"}],"author":[{"embeddable":true,"href":"https:\/\/deultimominuto.com\/en\/wp-json\/wp\/v2\/users\/4"}],"replies":[{"embeddable":true,"href":"https:\/\/deultimominuto.com\/en\/wp-json\/wp\/v2\/comments?post=501077"}],"version-history":[{"count":0,"href":"https:\/\/deultimominuto.com\/en\/wp-json\/wp\/v2\/posts\/501077\/revisions"}],"wp:attachment":[{"href":"https:\/\/deultimominuto.com\/en\/wp-json\/wp\/v2\/media?parent=501077"}],"wp:term":[{"taxonomy":"category","embeddable":true,"href":"https:\/\/deultimominuto.com\/en\/wp-json\/wp\/v2\/categories?post=501077"},{"taxonomy":"post_tag","embeddable":true,"href":"https:\/\/deultimominuto.com\/en\/wp-json\/wp\/v2\/tags?post=501077"}],"curies":[{"name":"wp","href":"https:\/\/api.w.org\/{rel}","templated":true}]}}