{"id":501160,"date":"2026-02-27T19:53:14","date_gmt":"2026-02-27T23:53:14","guid":{"rendered":"https:\/\/deultimominuto.net\/en\/uncategorized\/provincial-director-of-health-participates-in-the-182nd-anniversary-of-national-independence\/"},"modified":"2026-02-27T19:53:14","modified_gmt":"2026-02-27T23:53:14","slug":"provincial-director-of-health-participates-in-the-182nd-anniversary-of-national-independence","status":"publish","type":"post","link":"https:\/\/deultimominuto.com\/en\/uncategorized\/provincial-director-of-health-participates-in-the-182nd-anniversary-of-national-independence\/","title":{"rendered":"Provincial Director of Health participates in the 182nd anniversary of National Independence"},"content":{"rendered":"\n<p class=\"wp-block-paragraph\"><strong><em>La Romana.<\/em>\u2014<\/strong> With the participation of civil, military, educational, and community authorities, Dr. Carmen Jim\u00e9nez, provincial director of Public Health (DPS) of La Romana, participated this Friday, the 27th, in the commemorative acts of the 182nd anniversary of the National Independence of the Dominican Republic.<\/p>\n\n\nDuring the commemoration, the authorities highlighted the legacy of the founding fathers and reaffirmed the commitment of present and future generations to preserve the sovereignty, identity, and values that gave rise to the Dominican nation.\n\nCarmen Jim\u00e9nez expressed that this act not only served to remember one of the most transcendental events in national history, but also to renew patriotic love and civic responsibility for the development, peace, and progress of the country.\n\n\n<p class=\"wp-block-paragraph\"><strong>We recommend reading:<a href=\"https:\/\/ab.deultimominuto.net\/nacionales\/republica-se-construye-abinader\/\" target=\"_blank\" rel=\"noopener\">\u201cThe Republic is built every day\u201d, says Abinader<\/a><\/strong><\/p>\n\n\nIn the activity were present the provincial governor, Ivelisse Mercedes M\u00e9ndez; the mayor, Eduardo Kery Metivier; Guillermo N\u00fa\u00f1ez Rosario, director of the Educational District 05-03; General Wandy Mad\u00e9 Montilla, Eastern regional director of the National Police; Dolores N\u00fa\u00f1ez, director of COAAROM; Tury Reyes, director of the municipal district of Caleta; as well as councilors and other authorities and representatives of civil society.","protected":false},"excerpt":{"rendered":"<p>La Romana.\u2014 With the participation of civil, military, educational, and community authorities, Dr. Carmen Jim\u00e9nez, provincial director of Public Health (DPS) of La Romana, participated this Friday, the 27th, in the commemorative acts of the 182nd anniversary of the National Independence of the Dominican Republic. During the commemoration, the authorities highlighted the legacy of the [&hellip;]<\/p>\n","protected":false},"author":133556,"featured_media":0,"comment_status":"open","ping_status":"open","sticky":false,"template":"","format":"standard","meta":{"_acf_changed":false,"_jetpack_newsletter_access":"","_jetpack_dont_email_post_to_subs":false,"_jetpack_newsletter_tier_id":0,"_jetpack_memberships_contains_paywalled_content":false,"_jetpack_memberships_contains_paid_content":false,"footnotes":"","_members_access_role":[],"_members_access_error":""},"categories":[1],"tags":[],"class_list":["post-501160","post","type-post","status-publish","format-standard","category-uncategorized"],"acf":[],"jetpack_sharing_enabled":true,"jetpack_shortlink":"https:\/\/wp.me\/phj1q1-26ne","jetpack_featured_media_url":"","dum_api":{"author_name":"Yerandi Santana","author_image":"https:\/\/deultimominuto.com\/wp-content\/uploads\/2026\/02\/cropped-WhatsApp-Image-2026-02-13-at-5.35.07-PM-96x96.jpeg","categories_name":["Uncategorized"],"featured_media_url":null},"_links":{"self":[{"href":"https:\/\/deultimominuto.com\/en\/wp-json\/wp\/v2\/posts\/501160","targetHints":{"allow":["GET"]}}],"collection":[{"href":"https:\/\/deultimominuto.com\/en\/wp-json\/wp\/v2\/posts"}],"about":[{"href":"https:\/\/deultimominuto.com\/en\/wp-json\/wp\/v2\/types\/post"}],"author":[{"embeddable":true,"href":"https:\/\/deultimominuto.com\/en\/wp-json\/wp\/v2\/users\/133556"}],"replies":[{"embeddable":true,"href":"https:\/\/deultimominuto.com\/en\/wp-json\/wp\/v2\/comments?post=501160"}],"version-history":[{"count":0,"href":"https:\/\/deultimominuto.com\/en\/wp-json\/wp\/v2\/posts\/501160\/revisions"}],"wp:attachment":[{"href":"https:\/\/deultimominuto.com\/en\/wp-json\/wp\/v2\/media?parent=501160"}],"wp:term":[{"taxonomy":"category","embeddable":true,"href":"https:\/\/deultimominuto.com\/en\/wp-json\/wp\/v2\/categories?post=501160"},{"taxonomy":"post_tag","embeddable":true,"href":"https:\/\/deultimominuto.com\/en\/wp-json\/wp\/v2\/tags?post=501160"}],"curies":[{"name":"wp","href":"https:\/\/api.w.org\/{rel}","templated":true}]}}