{"id":501172,"date":"2026-02-27T22:21:19","date_gmt":"2026-02-28T02:21:19","guid":{"rendered":"https:\/\/deultimominuto.net\/en\/uncategorized\/abinader-appoints-juan-hilario-guzman-badia-as-the-new-rector-of-the-police-education-institute\/"},"modified":"2026-02-27T22:22:44","modified_gmt":"2026-02-28T02:22:44","slug":"abinader-appoints-juan-hilario-guzman-badia-as-the-new-rector-of-the-police-education-institute","status":"publish","type":"post","link":"https:\/\/deultimominuto.com\/en\/dominican-news\/abinader-appoints-juan-hilario-guzman-badia-as-the-new-rector-of-the-police-education-institute\/","title":{"rendered":"Abinader appoints Juan Hilario Guzm\u00e1n Bad\u00eda as the new rector of the Police Education Institute"},"content":{"rendered":"\n<p class=\"wp-block-paragraph\"><strong>Santo Domingo.- <\/strong>The President of the <strong>Republic, Luis Abinader,<\/strong> issued Decree No. 134-26, through which he appoints General Juan Hilario Guzm\u00e1n Bad\u00eda, P.N., as the new rector of the <strong>Police Education Institute (IPE).<\/strong><\/p>\n\n\nThe <strong>General Juan Hilario Guzm\u00e1n Bad\u00eda, P.N.<\/strong> is a high-ranking officer of the National Police with a career linked to modernization and institutional strengthening processes within the law enforcement agency.\n\n\n<p class=\"wp-block-paragraph\"><strong>You may be interested in:<\/strong> <a href=\"https:\/\/ab.deultimominuto.net\/nacionales\/nuevo-obispo-auxiliar-en-santiago\/\" data-type=\"post\" data-id=\"492913\" target=\"_blank\" rel=\"noopener\">New auxiliary bishop appointed in Santiago<\/a><\/p>\n\n\nBefore being appointed rector of the Police Education Institute (IPE) by Decree 134-26 by President Luis Abinader, he served as <strong>deputy director general of the National Police<\/strong> and <strong>central director of Police Transformation<\/strong>, a position from which he participated in initiatives aimed at the reform, professionalization and structural improvement of the institution.\n\nYour profile has been linked to the implementation of strategic changes in the training of agents, strengthening of protocols, and updating of internal processes, within the framework of the police reform process promoted in recent years in the Dominican Republic.\n\nWith his appointment to lead the IPE, he assumes the responsibility of directing the entity in charge of the education, training, and academic development of the members of the National Police, a key piece in the consolidation of a more professional institution and aligned with modern standards of security and citizen service.","protected":false},"excerpt":{"rendered":"<p>Santo Domingo.- The President of the Republic, Luis Abinader, issued Decree No. 134-26, through which he appoints General Juan Hilario Guzm\u00e1n Bad\u00eda, P.N., as the new rector of the Police Education Institute (IPE). The General Juan Hilario Guzm\u00e1n Bad\u00eda, P.N. is a high-ranking officer of the National Police with a career linked to modernization and [&hellip;]<\/p>\n","protected":false},"author":4,"featured_media":0,"comment_status":"open","ping_status":"open","sticky":false,"template":"","format":"standard","meta":{"_acf_changed":false,"_jetpack_newsletter_access":"","_jetpack_dont_email_post_to_subs":false,"_jetpack_newsletter_tier_id":0,"_jetpack_memberships_contains_paywalled_content":false,"_jetpack_memberships_contains_paid_content":false,"footnotes":"","_members_access_role":[],"_members_access_error":""},"categories":[40216],"tags":[21],"class_list":["post-501172","post","type-post","status-publish","format-standard","category-dominican-news","tag-luis-abinader"],"acf":[],"jetpack_sharing_enabled":true,"jetpack_shortlink":"https:\/\/wp.me\/phj1q1-26nq","jetpack_featured_media_url":"","dum_api":{"author_name":"Redacci\u00f3n De \u00daltimo Minuto","author_image":"https:\/\/deultimominuto.com\/wp-content\/uploads\/2025\/02\/cropped-logo-de-ultimo-minuto-96x96.png","categories_name":["Dominican News"],"featured_media_url":null},"_links":{"self":[{"href":"https:\/\/deultimominuto.com\/en\/wp-json\/wp\/v2\/posts\/501172","targetHints":{"allow":["GET"]}}],"collection":[{"href":"https:\/\/deultimominuto.com\/en\/wp-json\/wp\/v2\/posts"}],"about":[{"href":"https:\/\/deultimominuto.com\/en\/wp-json\/wp\/v2\/types\/post"}],"author":[{"embeddable":true,"href":"https:\/\/deultimominuto.com\/en\/wp-json\/wp\/v2\/users\/4"}],"replies":[{"embeddable":true,"href":"https:\/\/deultimominuto.com\/en\/wp-json\/wp\/v2\/comments?post=501172"}],"version-history":[{"count":0,"href":"https:\/\/deultimominuto.com\/en\/wp-json\/wp\/v2\/posts\/501172\/revisions"}],"wp:attachment":[{"href":"https:\/\/deultimominuto.com\/en\/wp-json\/wp\/v2\/media?parent=501172"}],"wp:term":[{"taxonomy":"category","embeddable":true,"href":"https:\/\/deultimominuto.com\/en\/wp-json\/wp\/v2\/categories?post=501172"},{"taxonomy":"post_tag","embeddable":true,"href":"https:\/\/deultimominuto.com\/en\/wp-json\/wp\/v2\/tags?post=501172"}],"curies":[{"name":"wp","href":"https:\/\/api.w.org\/{rel}","templated":true}]}}