{"id":501192,"date":"2026-02-28T16:59:32","date_gmt":"2026-02-28T20:59:32","guid":{"rendered":"https:\/\/deultimominuto.net\/en\/uncategorized\/israel-announces-the-death-of-seven-high-ranking-iranian-officials-including-the-defense-minister\/"},"modified":"2026-02-28T16:59:32","modified_gmt":"2026-02-28T20:59:32","slug":"israel-announces-the-death-of-seven-high-ranking-iranian-officials-including-the-defense-minister","status":"publish","type":"post","link":"https:\/\/deultimominuto.com\/en\/international\/israel-announces-the-death-of-seven-high-ranking-iranian-officials-including-the-defense-minister\/","title":{"rendered":"Israel announces the death of seven high-ranking Iranian officials, including the Defense Minister"},"content":{"rendered":"<strong>Jerusalem.- <\/strong>The <strong>Israeli Army <\/strong>announced the death of seven senior officials of the Iranian regime, including the Minister of Defense, Aziz Nasirzadeh, and the commander of the <strong>Revolutionary Guard, Mohamed Pakpur.<\/strong>\n\nIn a video appearance, the Army spokesman, <strong>Defrie Effin,<\/strong> stated that the Secretary of the <strong>Defense Council, Ali Shamjani,<\/strong> and two figures close to the Iranian supreme leader, Ali Khamenei, have also died in the attacks this Saturday by Israel and the United States in Iran: his advisor for Security Affairs, Ali Shamjani, and the head of his Office, Mohamed Shirazi.\n\nAlso killed in the attacks were the head of Intelligence of the <strong>Jatem Alanbieh Command, Salah Asadi<\/strong>, and two officials from the SPND defense innovation organization, Reza Mozafari and Hossein Jabal Amelian.\n\n\n<p class=\"wp-block-paragraph\"><strong>You may be interested in:<\/strong> <a href=\"http:\/\/\u00bfQui\u00e9n es Al\u00ed Jamenei, el l\u00edder supremo de Ir\u00e1n clave en la escalada con EEUU e Israel?\">http:\/\/\u00bfQui\u00e9n es Al\u00ed Jamenei, el l\u00edder supremo de Ir\u00e1n clave en la escalada con EEUU e Israel?<\/a><\/p>\n","protected":false},"excerpt":{"rendered":"<p>Jerusalem.- The Israeli Army announced the death of seven senior officials of the Iranian regime, including the Minister of Defense, Aziz Nasirzadeh, and the commander of the Revolutionary Guard, Mohamed Pakpur. In a video appearance, the Army spokesman, Defrie Effin, stated that the Secretary of the Defense Council, Ali Shamjani, and two figures close to [&hellip;]<\/p>\n","protected":false},"author":3,"featured_media":0,"comment_status":"open","ping_status":"open","sticky":false,"template":"","format":"standard","meta":{"_acf_changed":false,"_jetpack_newsletter_access":"","_jetpack_dont_email_post_to_subs":false,"_jetpack_newsletter_tier_id":0,"_jetpack_memberships_contains_paywalled_content":false,"_jetpack_memberships_contains_paid_content":false,"footnotes":"","_members_access_role":[],"_members_access_error":""},"categories":[95],"tags":[15241,15141,40230],"class_list":["post-501192","post","type-post","status-publish","format-standard","category-international","tag-iran","tag-israel","tag-united-states"],"acf":[],"jetpack_sharing_enabled":true,"jetpack_shortlink":"https:\/\/wp.me\/phj1q1-26nK","jetpack_featured_media_url":"","dum_api":{"author_name":"EFE","author_image":"https:\/\/deultimominuto.com\/wp-content\/uploads\/2021\/08\/1200px-EFE_logo.svg-96x96.png","categories_name":["International"],"featured_media_url":null},"_links":{"self":[{"href":"https:\/\/deultimominuto.com\/en\/wp-json\/wp\/v2\/posts\/501192","targetHints":{"allow":["GET"]}}],"collection":[{"href":"https:\/\/deultimominuto.com\/en\/wp-json\/wp\/v2\/posts"}],"about":[{"href":"https:\/\/deultimominuto.com\/en\/wp-json\/wp\/v2\/types\/post"}],"author":[{"embeddable":true,"href":"https:\/\/deultimominuto.com\/en\/wp-json\/wp\/v2\/users\/3"}],"replies":[{"embeddable":true,"href":"https:\/\/deultimominuto.com\/en\/wp-json\/wp\/v2\/comments?post=501192"}],"version-history":[{"count":0,"href":"https:\/\/deultimominuto.com\/en\/wp-json\/wp\/v2\/posts\/501192\/revisions"}],"wp:attachment":[{"href":"https:\/\/deultimominuto.com\/en\/wp-json\/wp\/v2\/media?parent=501192"}],"wp:term":[{"taxonomy":"category","embeddable":true,"href":"https:\/\/deultimominuto.com\/en\/wp-json\/wp\/v2\/categories?post=501192"},{"taxonomy":"post_tag","embeddable":true,"href":"https:\/\/deultimominuto.com\/en\/wp-json\/wp\/v2\/tags?post=501192"}],"curies":[{"name":"wp","href":"https:\/\/api.w.org\/{rel}","templated":true}]}}