{"id":501237,"date":"2026-03-01T17:01:42","date_gmt":"2026-03-01T21:01:42","guid":{"rendered":"https:\/\/deultimominuto.net\/en\/uncategorized\/enerolisa-leaves-a-big-void-in-the-culture-says-rey-of-the-brotherhood-of-the-holy-spirit\/"},"modified":"2026-03-01T17:01:42","modified_gmt":"2026-03-01T21:01:42","slug":"enerolisa-leaves-a-big-void-in-the-culture-says-rey-of-the-brotherhood-of-the-holy-spirit","status":"publish","type":"post","link":"https:\/\/deultimominuto.com\/en\/entertainment\/enerolisa-leaves-a-big-void-in-the-culture-says-rey-of-the-brotherhood-of-the-holy-spirit\/","title":{"rendered":"&#8220;Enerolisa leaves a big void in the culture,&#8221; says Rey of the Brotherhood of the Holy Spirit"},"content":{"rendered":"\n<p class=\"wp-block-paragraph\"><strong>Santo Domingo Norte<\/strong>.- The departure of <strong>Enerolisa N\u00fa\u00f1ez<\/strong> has left a deep void in the culture of Villa Mella, affirmed <strong>Armando Brazob\u00e1n Sep\u00falveda, King of the Brotherhood of the Holy Spirit<\/strong>, highlighting the spiritual and cultural impact of the renowned bearer of the salve.<\/p>\n\n\n\n<p class=\"wp-block-paragraph\"><strong>\u201cEnerolisa was an icon of the salve here in Villa Mella. From a very young age she was devoted to her salve and to prayers; her passing is something very big for us and we don&#8217;t know who will be able to fill that void\u201d,<\/strong> expressed Brazob\u00e1n.<\/p>\n\n\n\n<p class=\"wp-block-paragraph\"><strong>You may be interested in: <\/strong><a href=\"https:\/\/ab.deultimominuto.net\/nacionales\/valoran-legado-de-enerolisa-nunez\/\" data-type=\"post\" data-id=\"618303\" target=\"_blank\" rel=\"noopener\">Political and cultural figures value Enerolisa N\u00fa\u00f1ez&#8217;s legacy<\/a><\/p>\n\n\nThe king compared the dimension of his legacy to great figures of Caribbean popular music, noting that &#8220;for us, Enerolisa was the greatest, like Celia Cruz in Cuba&#8221;, also underlining her influence in sectors such as Mata de Los Indios and Villa Mella, where her salve marked generations and strengthened community identity.\n\nThe burial of Enerolisa N\u00fa\u00f1ez brought together hundreds of people who accompanied her remains to the Municipal Cemetery of Villa Mella, in an emotional tribute that included drums, songs and traditional dances.\n\nThe procession departed from his residence, while family members, musicians, and neighbors sang traditional songs as a show of affection and gratitude towards the one who dedicated his life to preserving the salve as a living expression of faith, culture, and identity.\n\nThe queen of the salve, as she was called, died on Saturday, February 28 after facing health complications.","protected":false},"excerpt":{"rendered":"<p>Santo Domingo Norte.- The departure of Enerolisa N\u00fa\u00f1ez has left a deep void in the culture of Villa Mella, affirmed Armando Brazob\u00e1n Sep\u00falveda, King of the Brotherhood of the Holy Spirit, highlighting the spiritual and cultural impact of the renowned bearer of the salve. \u201cEnerolisa was an icon of the salve here in Villa Mella. [&hellip;]<\/p>\n","protected":false},"author":78,"featured_media":0,"comment_status":"open","ping_status":"open","sticky":false,"template":"","format":"standard","meta":{"_acf_changed":false,"_jetpack_newsletter_access":"","_jetpack_dont_email_post_to_subs":false,"_jetpack_newsletter_tier_id":0,"_jetpack_memberships_contains_paywalled_content":false,"_jetpack_memberships_contains_paid_content":false,"footnotes":"","_members_access_role":[],"_members_access_error":""},"categories":[5],"tags":[43427],"class_list":["post-501237","post","type-post","status-publish","format-standard","category-entertainment","tag-enerolisa-nunez"],"acf":[],"jetpack_sharing_enabled":true,"jetpack_shortlink":"https:\/\/wp.me\/phj1q1-26ot","jetpack_featured_media_url":"","dum_api":{"author_name":"Elsa Cesilia Feliz","author_image":"https:\/\/deultimominuto.com\/wp-content\/uploads\/2024\/03\/cropped-elsa-cesilia-96x96.jpg","categories_name":["Entertainment"],"featured_media_url":null},"_links":{"self":[{"href":"https:\/\/deultimominuto.com\/en\/wp-json\/wp\/v2\/posts\/501237","targetHints":{"allow":["GET"]}}],"collection":[{"href":"https:\/\/deultimominuto.com\/en\/wp-json\/wp\/v2\/posts"}],"about":[{"href":"https:\/\/deultimominuto.com\/en\/wp-json\/wp\/v2\/types\/post"}],"author":[{"embeddable":true,"href":"https:\/\/deultimominuto.com\/en\/wp-json\/wp\/v2\/users\/78"}],"replies":[{"embeddable":true,"href":"https:\/\/deultimominuto.com\/en\/wp-json\/wp\/v2\/comments?post=501237"}],"version-history":[{"count":0,"href":"https:\/\/deultimominuto.com\/en\/wp-json\/wp\/v2\/posts\/501237\/revisions"}],"wp:attachment":[{"href":"https:\/\/deultimominuto.com\/en\/wp-json\/wp\/v2\/media?parent=501237"}],"wp:term":[{"taxonomy":"category","embeddable":true,"href":"https:\/\/deultimominuto.com\/en\/wp-json\/wp\/v2\/categories?post=501237"},{"taxonomy":"post_tag","embeddable":true,"href":"https:\/\/deultimominuto.com\/en\/wp-json\/wp\/v2\/tags?post=501237"}],"curies":[{"name":"wp","href":"https:\/\/api.w.org\/{rel}","templated":true}]}}