{"id":501285,"date":"2026-03-02T15:50:58","date_gmt":"2026-03-02T19:50:58","guid":{"rendered":"https:\/\/deultimominuto.net\/en\/uncategorized\/gutierrez-family-drops-lawsuit-against-angel-martinez-after-public-apology\/"},"modified":"2026-03-02T15:50:58","modified_gmt":"2026-03-02T19:50:58","slug":"gutierrez-family-drops-lawsuit-against-angel-martinez-after-public-apology","status":"publish","type":"post","link":"https:\/\/deultimominuto.com\/en\/dominican-news\/gutierrez-family-drops-lawsuit-against-angel-martinez-after-public-apology\/","title":{"rendered":"Guti\u00e9rrez Family drops lawsuit against \u00c1ngel Mart\u00ednez after public apology"},"content":{"rendered":"<strong>Santo Domingo<\/strong>.- The review of the coercive measure imposed on the communicator <strong>\u00c1ngel Mart\u00ednez<\/strong> gave a new direction to the judicial process he was facing for a complaint of alleged defamation and insult filed by the Santiago businessman <strong>Arnulfo Guti\u00e9rrez and his family.<\/strong>\n\n<strong>Mart\u00ednez <\/strong>was serving a three-month measure that included the use of an electronic shackle and a ban on leaving the country. However, after offering public apologies to both the court and through the media, the plaintiff decided to withdraw the sanctions it had requested as a protection mechanism.\n\n\n<p class=\"wp-block-paragraph\"><strong>You may be interested in<\/strong>: <a href=\"https:\/\/ab.deultimominuto.net\/nacionales\/angel-martinez-enfrentar-prision\/\" data-type=\"post\" data-id=\"573928\" target=\"_blank\" rel=\"noopener\">\u00c1ngel Mart\u00ednez could face prison at Christmas<\/a><\/p>\n\n\nUpon concluding the hearing, <strong>Leonel Guti\u00e9rrez,<\/strong> brother of the businessman, explained that the decision was made in coherence with the Christian principles that govern the family. He pointed out that, after hearing the communicator&#8217;s apologies, they chose to lift the measures imposed during a process that lasted for around eight months due to information that, according to them, lacked support and affected their personal and family environment.\n\n\n<p class=\"wp-block-paragraph\"><strong>&#8220;Today we lift any sanction we promoted against Mr. \u00c1ngel Mart\u00ednez&#8221;<\/strong>, he expressed, while expressing his wish that the situation serve as a lesson on responsibility when making public statements without evidence.<\/p>\n\n\nOn his part, Martinez acknowledged before the court that the data released did not correspond to reality and asked for forgiveness from the Gutierrez family. He stated that he was satisfied with the outcome of the case and valued the gesture assumed by Arnulfo Gutierrez, highlighting that the process should strengthen principles such as truth, justice, and peace.\n\nThe communicator thanked the decision made and assured that this episode should become a call to act with responsibility and respect in the exercise of communication.","protected":false},"excerpt":{"rendered":"<p>Santo Domingo.- The review of the coercive measure imposed on the communicator \u00c1ngel Mart\u00ednez gave a new direction to the judicial process he was facing for a complaint of alleged defamation and insult filed by the Santiago businessman Arnulfo Guti\u00e9rrez and his family. Mart\u00ednez was serving a three-month measure that included the use of an [&hellip;]<\/p>\n","protected":false},"author":4,"featured_media":0,"comment_status":"open","ping_status":"open","sticky":false,"template":"","format":"standard","meta":{"_acf_changed":false,"_jetpack_newsletter_access":"","_jetpack_dont_email_post_to_subs":false,"_jetpack_newsletter_tier_id":0,"_jetpack_memberships_contains_paywalled_content":false,"_jetpack_memberships_contains_paid_content":false,"footnotes":"","_members_access_role":[],"_members_access_error":""},"categories":[40216],"tags":[40798],"class_list":["post-501285","post","type-post","status-publish","format-standard","category-dominican-news","tag-angel-martinez"],"acf":[],"jetpack_sharing_enabled":true,"jetpack_shortlink":"https:\/\/wp.me\/phj1q1-26pf","jetpack_featured_media_url":"","dum_api":{"author_name":"Redacci\u00f3n De \u00daltimo Minuto","author_image":"https:\/\/deultimominuto.com\/wp-content\/uploads\/2025\/02\/cropped-logo-de-ultimo-minuto-96x96.png","categories_name":["Dominican News"],"featured_media_url":null},"_links":{"self":[{"href":"https:\/\/deultimominuto.com\/en\/wp-json\/wp\/v2\/posts\/501285","targetHints":{"allow":["GET"]}}],"collection":[{"href":"https:\/\/deultimominuto.com\/en\/wp-json\/wp\/v2\/posts"}],"about":[{"href":"https:\/\/deultimominuto.com\/en\/wp-json\/wp\/v2\/types\/post"}],"author":[{"embeddable":true,"href":"https:\/\/deultimominuto.com\/en\/wp-json\/wp\/v2\/users\/4"}],"replies":[{"embeddable":true,"href":"https:\/\/deultimominuto.com\/en\/wp-json\/wp\/v2\/comments?post=501285"}],"version-history":[{"count":0,"href":"https:\/\/deultimominuto.com\/en\/wp-json\/wp\/v2\/posts\/501285\/revisions"}],"wp:attachment":[{"href":"https:\/\/deultimominuto.com\/en\/wp-json\/wp\/v2\/media?parent=501285"}],"wp:term":[{"taxonomy":"category","embeddable":true,"href":"https:\/\/deultimominuto.com\/en\/wp-json\/wp\/v2\/categories?post=501285"},{"taxonomy":"post_tag","embeddable":true,"href":"https:\/\/deultimominuto.com\/en\/wp-json\/wp\/v2\/tags?post=501285"}],"curies":[{"name":"wp","href":"https:\/\/api.w.org\/{rel}","templated":true}]}}