{"id":501420,"date":"2026-03-03T22:26:37","date_gmt":"2026-03-04T02:26:37","guid":{"rendered":"https:\/\/deultimominuto.net\/en\/uncategorized\/obesity-a-silent-death-threatening-the-health-of-dominicans\/"},"modified":"2026-03-03T22:36:44","modified_gmt":"2026-03-04T02:36:44","slug":"obesity-a-silent-death-threatening-the-health-of-dominicans","status":"publish","type":"post","link":"https:\/\/deultimominuto.com\/en\/dominican-news\/health\/obesity-a-silent-death-threatening-the-health-of-dominicans\/","title":{"rendered":"Obesity: a \u201csilent death\u201d threatening the health of Dominicans"},"content":{"rendered":"<strong>Santo Domingo<\/strong>. \u2013 In the framework of World Obesity Day, which is commemorated every March 4, bariatric surgeon Dr. Jos\u00e9 A. Garc\u00eda P\u00e9rez, specialist at IDA Healthcare, warned about the silent advance of obesity in the Dominican Republic, calling it one of the main public health threats of the 21st century.\n\nThe specialist explained that obesity is not an aesthetic problem, but a chronic disease characterized by an excessive accumulation of body fat that represents a high risk to health, according to the World Health Organization (WHO). This condition significantly increases the likelihood of developing cardiovascular diseases, type 2 diabetes, high blood pressure, and various types of cancer.\n\nA growing reality in the Dominican Republic\n\nRecent data reflects a worrying picture. According to the World Health Organization, in 2022 around 63.3% of Dominican adults were overweight (BMI \u2265 25), while approximately 29.3% suffered from obesity (BMI \u2265 30).\n\nFurthermore, the World Obesity Atlas 2025 estimates that 68% of Dominicans have an elevated body mass index, and within that group, 32% corresponds to obesity. Projections from the same report indicate that by the year 2030, some 5.78 million Dominicans could be overweight or obese, showing sustained growth since 2010.\n\nFor its part, statistics from the Ministry of Public Health and national surveys indicate that more than 60% of the adult population is overweight, and around 30% live with obesity.\n\n\n<h6 class=\"wp-block-heading has-text-align-center\"><strong>You can also read: <a href=\"https:\/\/ab.deultimominuto.net\/nacionales\/salud\/dia-mundial-de-la-obesidad-es-momento-de-hablar-en-serio-y-evitar-los-atajos\/\" target=\"_blank\" rel=\"noopener\">World Obesity Day: it&#8217;s time to get serious and avoid &#8220;shortcuts&#8221;<\/a><\/strong><\/h6>\n\n\nImpact on the child population\n\nThe problem also significantly affects children and adolescents. Reports from the United Nations Children&#8217;s Fund (UNICEF) indicate that approximately 8% of children under five years of age are overweight or obese.\n\nIn the case of students between 6 and 18 years old, the figures can exceed 30%, with higher rates recorded in private educational centers. Specialists warn that this situation increases the risk of chronic diseases in adulthood and can cause emotional consequences such as low self-esteem, anxiety, and discrimination.\n\nDetermining Factors\n\nDr. Garc\u00eda P\u00e9rez attributes the increase in overweight and obesity to changes in eating habits and lifestyle. The frequent consumption of ultra-processed foods, sugary drinks, and fast food, coupled with a sedentary lifestyle, the excessive use of electronic devices, and the lack of adequate spaces for physical activity, have contributed to the deterioration of health indicators.\n\nFurthermore, in many homes, healthy eating has been replaced by cheaper and quicker-to-prepare options, but with low nutritional value.\n\nImpact on health and the economy\n\nObesity not only diminishes the quality of life of those who suffer from it, but also represents a significant economic burden for the national health system. The treatment of associated diseases implies higher medical expenses, frequent hospitalizations, and a reduction in labor productivity.\n\nPrevention: a shared responsibility\n\nThe specialist emphasized that combating obesity requires a joint commitment between the State, health institutions, educational centers, families, and society in general. Among the main recommendations are: \n\u2022 Promote a balanced diet rich in fruits, vegetables, and natural foods. \n\u2022 Reduce the consumption of sugars and saturated fats. \n\u2022 Encourage regular physical activity from childhood. \n\u2022 Promote permanent campaigns of nutritional education and healthy lifestyles.\n\nIn that sense, World Obesity Day should serve as a call to collective awareness. &#8220;Obesity is silent, but its consequences are not,&#8221; reiterated the specialist, emphasizing that recognizing the problem is the first step to facing it with responsibility, education, and social commitment.\n\nThe health of Dominicans, he concluded, depends on daily decisions that can make a significant difference both in the present and in the future.","protected":false},"excerpt":{"rendered":"<p>Santo Domingo. \u2013 In the framework of World Obesity Day, which is commemorated every March 4, bariatric surgeon Dr. Jos\u00e9 A. Garc\u00eda P\u00e9rez, specialist at IDA Healthcare, warned about the silent advance of obesity in the Dominican Republic, calling it one of the main public health threats of the 21st century. The specialist explained that [&hellip;]<\/p>\n","protected":false},"author":133543,"featured_media":0,"comment_status":"open","ping_status":"open","sticky":false,"template":"","format":"standard","meta":{"_acf_changed":false,"_jetpack_newsletter_access":"","_jetpack_dont_email_post_to_subs":false,"_jetpack_newsletter_tier_id":0,"_jetpack_memberships_contains_paywalled_content":false,"_jetpack_memberships_contains_paid_content":false,"footnotes":"","_members_access_role":[],"_members_access_error":""},"categories":[37165],"tags":[42944],"class_list":["post-501420","post","type-post","status-publish","format-standard","category-health","tag-obesity"],"acf":[],"jetpack_sharing_enabled":true,"jetpack_shortlink":"https:\/\/wp.me\/phj1q1-26rq","jetpack_featured_media_url":"","dum_api":{"author_name":"Carolina \u00c1lvarez","author_image":"https:\/\/deultimominuto.com\/wp-content\/uploads\/2026\/05\/cropped-WhatsApp-Image-2026-05-26-at-5.31.57-PM-96x96.jpeg","categories_name":["Health"],"featured_media_url":null},"_links":{"self":[{"href":"https:\/\/deultimominuto.com\/en\/wp-json\/wp\/v2\/posts\/501420","targetHints":{"allow":["GET"]}}],"collection":[{"href":"https:\/\/deultimominuto.com\/en\/wp-json\/wp\/v2\/posts"}],"about":[{"href":"https:\/\/deultimominuto.com\/en\/wp-json\/wp\/v2\/types\/post"}],"author":[{"embeddable":true,"href":"https:\/\/deultimominuto.com\/en\/wp-json\/wp\/v2\/users\/133543"}],"replies":[{"embeddable":true,"href":"https:\/\/deultimominuto.com\/en\/wp-json\/wp\/v2\/comments?post=501420"}],"version-history":[{"count":0,"href":"https:\/\/deultimominuto.com\/en\/wp-json\/wp\/v2\/posts\/501420\/revisions"}],"wp:attachment":[{"href":"https:\/\/deultimominuto.com\/en\/wp-json\/wp\/v2\/media?parent=501420"}],"wp:term":[{"taxonomy":"category","embeddable":true,"href":"https:\/\/deultimominuto.com\/en\/wp-json\/wp\/v2\/categories?post=501420"},{"taxonomy":"post_tag","embeddable":true,"href":"https:\/\/deultimominuto.com\/en\/wp-json\/wp\/v2\/tags?post=501420"}],"curies":[{"name":"wp","href":"https:\/\/api.w.org\/{rel}","templated":true}]}}