{"id":501491,"date":"2026-03-04T19:53:21","date_gmt":"2026-03-04T23:53:21","guid":{"rendered":"https:\/\/deultimominuto.net\/en\/uncategorized\/teatro-rodante-de-bellas-artes-kicked-off-theater-month-with-a-brilliant-staging-of-here-in-the-shadow-salome\/"},"modified":"2026-03-04T19:53:21","modified_gmt":"2026-03-04T23:53:21","slug":"teatro-rodante-de-bellas-artes-kicked-off-theater-month-with-a-brilliant-staging-of-here-in-the-shadow-salome","status":"publish","type":"post","link":"https:\/\/deultimominuto.com\/en\/uncategorized\/teatro-rodante-de-bellas-artes-kicked-off-theater-month-with-a-brilliant-staging-of-here-in-the-shadow-salome\/","title":{"rendered":"Teatro Rodante de Bellas Artes kicked off Theater Month with a brilliant staging of \u201cHere in the Shadow, Salom\u00e9\u201d"},"content":{"rendered":"<p><em><strong>Santo Domingo. &#8211;<\/strong><\/em> The curtain fell amid applause and contained emotion. The Palace of Fine Arts closed this Tuesday with resounding success the performances of \u201cHere in the shadow, Salom\u00e9\u201d, a powerful production of the Dominican Traveling Theater that marked the official opening of Theater Month with three memorable days, filled with sensitivity, reflection and support from the public.<\/p>\n<p>Inspired by the life and legacy of Salom\u00e9 Ure\u00f1a, the staging was presented within the framework of the 175th anniversary of her birth (October 21, 1850), proposing a contemporary scenic reading that transcends biography to become a sensory experience about memory, body, education, and homeland.<\/p>\n<p>Following its premiere on Sunday, March 1st, before a completely full house, the performances continued on Monday 2nd and Tuesday 3rd, when the M\u00e1ximo Avil\u00e9s Blonda Hall received around a thousand students from public and private educational centers, many with artistic training, who experienced firsthand a theatrical experience also conceived as a formative act and a living contact with the Dominican cultural heritage.<\/p>\n<p>Far from a conventional historical narrative, &#8220;Here in the Shadow, Salom\u00e9&#8221; constructs a ritual space where word, movement, and music dialogue on stage. Microphones, silences, physical actions, and live music are integrated as dramaturgical resources that amplify both the intimate dimension and the collective voice of a woman who continues to flourish in the national consciousness.<\/p>\n<p>The production featured the artistic direction of Indiana Brito, co-direction by Jozze S\u00e1nchez and dramaturgy by Robelitza P\u00e9rez, and was masterfully performed by Paloma Palacios, Madeline Abreu, Robelitza P\u00e9rez and Stuart Ortiz, along with the special participation of the girls Amelia and Ofelia P\u00e9rez. The original music and live performance by Jos\u00e9 Andr\u00e9s Molina added an emotional layer that strengthened the connection with the audience.<\/p>\n<p>The creative team was complemented by Ernesto L\u00f3pez in lighting design, Randy Encarnaci\u00f3n in set design, Lorabella in styling, Luz Mar\u00eda Melo as costume assistant, and Franckin Emiliano in production assistance.<\/p>\n<p>This staging is part of the cultural actions promoted by the General Directorate of Fine Arts and the Ministry of Culture to commemorate the birth of Salom\u00e9 Ure\u00f1a, and is sponsored by the Dominican Institute of Telecommunications (INDOTEL).<\/p>\n<p>With \u201cHere in the Shadow, Salom\u00e9\u201d, Dominican theater reaffirms its commitment to historical memory, scenic innovation, and the formation of new audiences, brilliantly inaugurating a Theater Month dedicated to celebrating artistic diversity and the depth of our cultural identity.<\/p>\n","protected":false},"excerpt":{"rendered":"<p>Santo Domingo. &#8211; The curtain fell amid applause and contained emotion. The Palace of Fine Arts closed this Tuesday with resounding success the performances of \u201cHere in the shadow, Salom\u00e9\u201d, a powerful production of the Dominican Traveling Theater that marked the official opening of Theater Month with three memorable days, filled with sensitivity, reflection and [&hellip;]<\/p>\n","protected":false},"author":133556,"featured_media":0,"comment_status":"open","ping_status":"open","sticky":false,"template":"","format":"standard","meta":{"_acf_changed":false,"_jetpack_newsletter_access":"","_jetpack_dont_email_post_to_subs":false,"_jetpack_newsletter_tier_id":0,"_jetpack_memberships_contains_paywalled_content":false,"_jetpack_memberships_contains_paid_content":false,"footnotes":"","_members_access_role":[],"_members_access_error":""},"categories":[1],"tags":[],"class_list":["post-501491","post","type-post","status-publish","format-standard","category-uncategorized"],"acf":[],"jetpack_sharing_enabled":true,"jetpack_shortlink":"https:\/\/wp.me\/phj1q1-26sz","jetpack_featured_media_url":"","dum_api":{"author_name":"Yerandi Santana","author_image":"https:\/\/deultimominuto.com\/wp-content\/uploads\/2026\/02\/cropped-WhatsApp-Image-2026-02-13-at-5.35.07-PM-96x96.jpeg","categories_name":["Uncategorized"],"featured_media_url":null},"_links":{"self":[{"href":"https:\/\/deultimominuto.com\/en\/wp-json\/wp\/v2\/posts\/501491","targetHints":{"allow":["GET"]}}],"collection":[{"href":"https:\/\/deultimominuto.com\/en\/wp-json\/wp\/v2\/posts"}],"about":[{"href":"https:\/\/deultimominuto.com\/en\/wp-json\/wp\/v2\/types\/post"}],"author":[{"embeddable":true,"href":"https:\/\/deultimominuto.com\/en\/wp-json\/wp\/v2\/users\/133556"}],"replies":[{"embeddable":true,"href":"https:\/\/deultimominuto.com\/en\/wp-json\/wp\/v2\/comments?post=501491"}],"version-history":[{"count":0,"href":"https:\/\/deultimominuto.com\/en\/wp-json\/wp\/v2\/posts\/501491\/revisions"}],"wp:attachment":[{"href":"https:\/\/deultimominuto.com\/en\/wp-json\/wp\/v2\/media?parent=501491"}],"wp:term":[{"taxonomy":"category","embeddable":true,"href":"https:\/\/deultimominuto.com\/en\/wp-json\/wp\/v2\/categories?post=501491"},{"taxonomy":"post_tag","embeddable":true,"href":"https:\/\/deultimominuto.com\/en\/wp-json\/wp\/v2\/tags?post=501491"}],"curies":[{"name":"wp","href":"https:\/\/api.w.org\/{rel}","templated":true}]}}