{"id":501653,"date":"2026-03-06T18:08:12","date_gmt":"2026-03-06T22:08:12","guid":{"rendered":"https:\/\/deultimominuto.net\/en\/uncategorized\/uasd-pays-tribute-to-jose-francisco-pena-gomez-with-a-floral-offering-on-the-anniversary-of-his-birth\/"},"modified":"2026-03-06T18:09:26","modified_gmt":"2026-03-06T22:09:26","slug":"uasd-pays-tribute-to-jose-francisco-pena-gomez-with-a-floral-offering-on-the-anniversary-of-his-birth","status":"publish","type":"post","link":"https:\/\/deultimominuto.com\/en\/uncategorized\/uasd-pays-tribute-to-jose-francisco-pena-gomez-with-a-floral-offering-on-the-anniversary-of-his-birth\/","title":{"rendered":"UASD pays tribute to Jos\u00e9 Francisco Pe\u00f1a G\u00f3mez with a floral offering on the anniversary of his birth"},"content":{"rendered":"<strong>Santo Domingo<\/strong>.\u2014 The Autonomous University of Santo Domingo (UASD), through its Vice-Rector&#8217;s Office of Extension, held a floral offering this Thursday before the bust erected on the university campus in honor of Dr. Jos\u00e9 Francisco Pe\u00f1a G\u00f3mez, on the occasion of the 89th anniversary of his birth.\n\nThe activity was organized jointly with the Committee Pro-Homage to the Birth of Jos\u00e9 Francisco Pe\u00f1a G\u00f3mez, the Dominican Modern University Front (FUDOMO) and the Extracurricular Chair Dr. Jos\u00e9 Francisco Pe\u00f1a G\u00f3mez, attached to the Faculty of Legal and Political Sciences of the academy.\n\nDuring the event, Dr. Franklin Garc\u00eda Ferm\u00edn, former rector of UASD and former minister of the Ministry of Higher Education, Science and Technology (MESCyT), delivered the keynote speech, in which he highlighted the historical, political, and moral significance of the Dominican social democratic leader.\n\nGarc\u00eda Ferm\u00edn highlighted that Pe\u00f1a G\u00f3mez represents one of the most influential figures in the consolidation of contemporary Dominican democracy and an ethical reference for new generations. &#8220;Doctor Pe\u00f1a G\u00f3mez constitutes one of the most extraordinary stories of personal overcoming and political commitment in the Dominican Republic.\n\n\n<h6 class=\"wp-block-heading has-text-align-center\"><strong>You can also read: <a href=\"https:\/\/ab.deultimominuto.net\/nacionales\/presidente-abinader-encabeza-primera-graduacion-de-postgrado-en-administracion-publica-de-la-uasd\/\" target=\"_blank\" rel=\"noopener\">President Abinader leads first postgraduate graduation in Public Administration from UASD<\/a><\/strong><\/h6>\n\n\n\u201cFrom humble origins, he managed to become one of the most powerful voices in defense of democracy, social justice, and the rights of the most vulnerable sectors,\u201d he expressed.\n\nHe pointed out that the historic leader of the Dominican Revolutionary Party knew how to interpret the aspirations of broad sectors of Dominican society, becoming a true mass leader and a firm defender of public freedoms.\n\n&#8220;Pe\u00f1a G\u00f3mez&#8217;s legacy transcends the electoral processes in which he participated. His fundamental contribution was to strengthen the country&#8217;s democratic culture and promote a vision of development based on social inclusion, citizen participation, and respect for human dignity,&#8221; he stated.\n\nGarc\u00eda Ferm\u00edn also highlighted the international dimension of the Dominican political leader, who gained recognition in different arenas of social democratic thought and the defense of human rights.\n\nThe former rector of UASD affirmed that remembering the figure of Pe\u00f1a G\u00f3mez within the academy implies reflecting on the responsibility of educational institutions in the formation of citizens committed to democratic values.\n\n\n<blockquote class=\"wp-block-quote is-layout-flow wp-block-quote-is-layout-flow\">\n<p class=\"wp-block-paragraph\">&#8220;The Dominican university has the duty to preserve the memory of those leaders who contributed to broaden the democratic horizons of the nation and to strengthen the civic consciousness of the people,&#8221; he indicated.<\/p>\n<\/blockquote>\n\n\nUpon concluding the event, the organizers placed the floral offering before the bust of the political leader, as a sign of recognition for his historical legacy and his permanent influence on the democratic life of the country.\n\nThe activity was attended by Dr. Rosal\u00eda Sosa P\u00e9rez, Vice-Rector of Extension of UASD, Fabio Ruiz, Augusto Bravo, Gerardo Roa, among other university authorities, professors, students, political leaders and representatives of various sectors of Dominican society <a href=\"https:\/\/www.youtube.com\/@deultimominutotv\/videos\" data-type=\"link\" data-id=\"https:\/\/www.youtube.com\/@deultimominutotv\/videos\" target=\"_blank\" rel=\"noopener\">dominicana<\/a>.","protected":false},"excerpt":{"rendered":"<p>Santo Domingo.\u2014 The Autonomous University of Santo Domingo (UASD), through its Vice-Rector&#8217;s Office of Extension, held a floral offering this Thursday before the bust erected on the university campus in honor of Dr. Jos\u00e9 Francisco Pe\u00f1a G\u00f3mez, on the occasion of the 89th anniversary of his birth. The activity was organized jointly with the Committee [&hellip;]<\/p>\n","protected":false},"author":133543,"featured_media":0,"comment_status":"open","ping_status":"open","sticky":false,"template":"","format":"standard","meta":{"_acf_changed":false,"_jetpack_newsletter_access":"","_jetpack_dont_email_post_to_subs":false,"_jetpack_newsletter_tier_id":0,"_jetpack_memberships_contains_paywalled_content":false,"_jetpack_memberships_contains_paid_content":false,"footnotes":"","_members_access_role":[],"_members_access_error":""},"categories":[1],"tags":[],"class_list":["post-501653","post","type-post","status-publish","format-standard","category-uncategorized"],"acf":[],"jetpack_sharing_enabled":true,"jetpack_shortlink":"https:\/\/wp.me\/phj1q1-26vb","jetpack_featured_media_url":"","dum_api":{"author_name":"Carolina \u00c1lvarez","author_image":"https:\/\/deultimominuto.com\/wp-content\/uploads\/2026\/05\/cropped-WhatsApp-Image-2026-05-26-at-5.31.57-PM-96x96.jpeg","categories_name":["Uncategorized"],"featured_media_url":null},"_links":{"self":[{"href":"https:\/\/deultimominuto.com\/en\/wp-json\/wp\/v2\/posts\/501653","targetHints":{"allow":["GET"]}}],"collection":[{"href":"https:\/\/deultimominuto.com\/en\/wp-json\/wp\/v2\/posts"}],"about":[{"href":"https:\/\/deultimominuto.com\/en\/wp-json\/wp\/v2\/types\/post"}],"author":[{"embeddable":true,"href":"https:\/\/deultimominuto.com\/en\/wp-json\/wp\/v2\/users\/133543"}],"replies":[{"embeddable":true,"href":"https:\/\/deultimominuto.com\/en\/wp-json\/wp\/v2\/comments?post=501653"}],"version-history":[{"count":0,"href":"https:\/\/deultimominuto.com\/en\/wp-json\/wp\/v2\/posts\/501653\/revisions"}],"wp:attachment":[{"href":"https:\/\/deultimominuto.com\/en\/wp-json\/wp\/v2\/media?parent=501653"}],"wp:term":[{"taxonomy":"category","embeddable":true,"href":"https:\/\/deultimominuto.com\/en\/wp-json\/wp\/v2\/categories?post=501653"},{"taxonomy":"post_tag","embeddable":true,"href":"https:\/\/deultimominuto.com\/en\/wp-json\/wp\/v2\/tags?post=501653"}],"curies":[{"name":"wp","href":"https:\/\/api.w.org\/{rel}","templated":true}]}}