{"id":501833,"date":"2026-03-09T19:31:13","date_gmt":"2026-03-09T23:31:13","guid":{"rendered":"https:\/\/deultimominuto.net\/en\/uncategorized\/government-begins-housing-and-street-rehabilitation-project-in-the-los-suizos-sector-monte-plata\/"},"modified":"2026-03-09T19:37:11","modified_gmt":"2026-03-09T23:37:11","slug":"government-begins-housing-and-street-rehabilitation-project-in-the-los-suizos-sector-monte-plata","status":"publish","type":"post","link":"https:\/\/deultimominuto.com\/en\/uncategorized\/government-begins-housing-and-street-rehabilitation-project-in-the-los-suizos-sector-monte-plata\/","title":{"rendered":"Government begins housing and street rehabilitation project in the Los Suizos sector, Monte Plata"},"content":{"rendered":"<strong>Monte Plata<\/strong>.\u2013 The Dominican government initiated this Monday the project \u201cHabitat Rehabilitation\u201d in the Los Suizos sector, an initiative executed by the Ministry of Housing, Habitat and Buildings (MIVHED) with the aim of improving the living conditions of families in vulnerable communities in the province of Monte Plata.\n\nThe act was led by the Minister of Housing, V\u00edctor Orlando Bison\u00f3 (Ito Bison\u00f3), who explained that the program includes the repair and reconstruction of homes, construction of sidewalks and curbs, paving of streets and other improvements in the community environment.\n\nDuring his intervention, the official informed that the estimated investment for the province is around 350 million pesos, resources that will be distributed in different municipalities to benefit several communities through urban improvements and the rehabilitation of housing.\n\nIn the activity, the director of the Airport Department, V\u00edctor Pichardo, also participated, who positively valued the beginning of the project and highlighted that it is a work expected by the residents of the Los Suizos sector.\n\nPichardo expressed that this initiative represents a significant social impact for the municipality, as it will contribute to improving the quality of life of dozens of families who for years had requested the intervention of their streets and homes.\n\n\n<h6 class=\"wp-block-heading has-text-align-center\"><strong>You can also read: <a href=\"https:\/\/ab.deultimominuto.net\/internacionales\/el-gobierno-no-define-prioridades\/\" target=\"_blank\" rel=\"noopener\">The Government does not define priorities in Congress<\/a><\/strong><\/h6>\n\n\nFor their part, provincial governor Rafaela Javier Gomera and the president of the Provincial Development Commission of the Eastern Region, Anderson de los Santos, highlighted that the sector will benefit from works such as sidewalks, curbs, housing repairs and street paving, which will improve the mobility and environment of the community.\n\nThe project is part of the policies promoted by President Luis Abinader, aimed at reducing the housing deficit and improving living conditions in vulnerable communities in the country.\n\nSenator Pedro Tineo was also present at the activity, as well as community leaders, representatives of neighborhood councils, and residents of the Los Suizos sector, who expressed their satisfaction with the start of the work after years of waiting for the intervention of the <a href=\"https:\/\/www.youtube.com\/@deultimominutotv\/videos\" data-type=\"link\" data-id=\"https:\/\/www.youtube.com\/@deultimominutotv\/videos\" target=\"_blank\" rel=\"noopener\">area<\/a>.","protected":false},"excerpt":{"rendered":"<p>Monte Plata.\u2013 The Dominican government initiated this Monday the project \u201cHabitat Rehabilitation\u201d in the Los Suizos sector, an initiative executed by the Ministry of Housing, Habitat and Buildings (MIVHED) with the aim of improving the living conditions of families in vulnerable communities in the province of Monte Plata. The act was led by the Minister [&hellip;]<\/p>\n","protected":false},"author":133543,"featured_media":0,"comment_status":"open","ping_status":"open","sticky":false,"template":"","format":"standard","meta":{"_acf_changed":false,"_jetpack_newsletter_access":"","_jetpack_dont_email_post_to_subs":false,"_jetpack_newsletter_tier_id":0,"_jetpack_memberships_contains_paywalled_content":false,"_jetpack_memberships_contains_paid_content":false,"footnotes":"","_members_access_role":[],"_members_access_error":""},"categories":[1],"tags":[],"class_list":["post-501833","post","type-post","status-publish","format-standard","category-uncategorized"],"acf":[],"jetpack_sharing_enabled":true,"jetpack_shortlink":"https:\/\/wp.me\/phj1q1-26y5","jetpack_featured_media_url":"","dum_api":{"author_name":"Carolina \u00c1lvarez","author_image":"https:\/\/deultimominuto.com\/wp-content\/uploads\/2026\/05\/cropped-WhatsApp-Image-2026-05-26-at-5.31.57-PM-96x96.jpeg","categories_name":["Uncategorized"],"featured_media_url":null},"_links":{"self":[{"href":"https:\/\/deultimominuto.com\/en\/wp-json\/wp\/v2\/posts\/501833","targetHints":{"allow":["GET"]}}],"collection":[{"href":"https:\/\/deultimominuto.com\/en\/wp-json\/wp\/v2\/posts"}],"about":[{"href":"https:\/\/deultimominuto.com\/en\/wp-json\/wp\/v2\/types\/post"}],"author":[{"embeddable":true,"href":"https:\/\/deultimominuto.com\/en\/wp-json\/wp\/v2\/users\/133543"}],"replies":[{"embeddable":true,"href":"https:\/\/deultimominuto.com\/en\/wp-json\/wp\/v2\/comments?post=501833"}],"version-history":[{"count":0,"href":"https:\/\/deultimominuto.com\/en\/wp-json\/wp\/v2\/posts\/501833\/revisions"}],"wp:attachment":[{"href":"https:\/\/deultimominuto.com\/en\/wp-json\/wp\/v2\/media?parent=501833"}],"wp:term":[{"taxonomy":"category","embeddable":true,"href":"https:\/\/deultimominuto.com\/en\/wp-json\/wp\/v2\/categories?post=501833"},{"taxonomy":"post_tag","embeddable":true,"href":"https:\/\/deultimominuto.com\/en\/wp-json\/wp\/v2\/tags?post=501833"}],"curies":[{"name":"wp","href":"https:\/\/api.w.org\/{rel}","templated":true}]}}