{"id":501901,"date":"2026-03-10T18:23:10","date_gmt":"2026-03-10T22:23:10","guid":{"rendered":"https:\/\/deultimominuto.net\/en\/uncategorized\/abinader-arrived-in-chile-for-the-inauguration-of-president-jose-antonio-kast\/"},"modified":"2026-03-10T18:23:10","modified_gmt":"2026-03-10T22:23:10","slug":"abinader-arrived-in-chile-for-the-inauguration-of-president-jose-antonio-kast","status":"publish","type":"post","link":"https:\/\/deultimominuto.com\/en\/dominican-news\/abinader-arrived-in-chile-for-the-inauguration-of-president-jose-antonio-kast\/","title":{"rendered":"Abinader arrived in Chile for the inauguration of President Jos\u00e9 Antonio Kast"},"content":{"rendered":"<strong>Santiago de Chile.- <\/strong>President <strong>Luis Abinader <\/strong>arrived this Tuesday at 6:30 P.M., Chile time, at <strong>Arturo Merino Ben\u00edtez Airport, <\/strong>of Santiago de Chile, to attend the inauguration as the new Chilean president, Jos\u00e9 Antonio Kast, this March 11.\n\nIn this meeting will participate the Dominican president, the first lady <strong>Raquel Arbaje<\/strong>, the Minister of Foreign Affairs, Roberto \u00c1lvarez, and Adriana Abinader Arbaje.\n\n\n<p class=\"wp-block-paragraph\"><strong>You may be interested in: <a href=\"https:\/\/ab.deultimominuto.net\/nacionales\/presidente-luis-abinader-visitara\/\" data-type=\"post\" data-id=\"618284\" target=\"_blank\" rel=\"noopener\">P<\/a><\/strong><a href=\"https:\/\/ab.deultimominuto.net\/nacionales\/presidente-luis-abinader-visitara\/\" data-type=\"post\" data-id=\"618284\" target=\"_blank\" rel=\"noopener\">resident Luis Abinader will visit Gaspar Hern\u00e1ndez<\/a><\/p>\n\n\nUpon his arrival in Chilean territory, as part of the official agenda, the Dominican president will make the protocol greeting along with other heads of State and Government with the President of Chile, Gabriel Boric, at the Palacio de La Moneda.\n\nSubsequently, the Dominican head of state will attend a reception offered by President Gabriel Boric for the international delegations invited.\n\nPresidential handover ceremony\n\nThe official agenda will continue on Wednesday with the solemn ceremony of the presidential handover and the swearing-in of the new cabinet in the Hall of Honor of the National Congress, in Valpara\u00edso, where Jos\u00e9 Antonio Kast will receive the presidential sash and formally assume as president of Chile.\n\nLater, Abinader will participate in a lunch offered by President Jos\u00e9 Antonio Kast and the First Lady of Chile, Mar\u00eda P\u00eda Adriasola de Kast, in honor of the heads of state and invited authorities.\n\nDelegations from states and\/or governments confirmed for the inauguration\n\nAccording to the Chilean Chancellery, the Dominican president is among the heads of state or government who, along with King Felipe VI of Spain, will participate in the inauguration of the elected Chilean ruler.\n\nThe rulers of Argentina, Javier Milei; Ecuador, Daniel Noboa; Bolivia, Rodrigo Paz; Costa Rica, Rodrigo Chaves; Honduras, Nasry Asfura; Hungary, Tam\u00e1s Sulyok; Panama, Jos\u00e9 Ra\u00fal Mulino; Paraguay, Santiago Pe\u00f1a and Uruguay, Yamand\u00fa Orsi, confirmed their attendance at the ceremony.\n\nAlso the prime ministers of Cura\u00e7ao, Gilmar Pisas and of Haiti, Alix Fils-Aim\u00e9, and vice presidents of El Salvador, F\u00e9lix Ulloa; that of Equatorial Guinea, Teodoro Nguema Obiang Mangue.\n\nIn addition, the Deputy Prime Ministers of the Council of Ministers and Minister of Foreign Affairs of Italy, Antonio Tajani, and the Executive Vice-President of the European Commission for a Green Deal, Teresa Ribera.\n\n\n<h2 class=\"wp-block-heading\"><strong>Return to the country<\/strong><\/h2>\n\n\nAfter concluding the official activities, President Abinader and his delegation will return to the Dominican Republic.","protected":false},"excerpt":{"rendered":"<p>Santiago de Chile.- President Luis Abinader arrived this Tuesday at 6:30 P.M., Chile time, at Arturo Merino Ben\u00edtez Airport, of Santiago de Chile, to attend the inauguration as the new Chilean president, Jos\u00e9 Antonio Kast, this March 11. In this meeting will participate the Dominican president, the first lady Raquel Arbaje, the Minister of Foreign [&hellip;]<\/p>\n","protected":false},"author":4,"featured_media":0,"comment_status":"open","ping_status":"open","sticky":false,"template":"","format":"standard","meta":{"_acf_changed":false,"_jetpack_newsletter_access":"","_jetpack_dont_email_post_to_subs":false,"_jetpack_newsletter_tier_id":0,"_jetpack_memberships_contains_paywalled_content":false,"_jetpack_memberships_contains_paid_content":false,"footnotes":"","_members_access_role":[],"_members_access_error":""},"categories":[40216],"tags":[15356,21],"class_list":["post-501901","post","type-post","status-publish","format-standard","category-dominican-news","tag-chile","tag-luis-abinader"],"acf":[],"jetpack_sharing_enabled":true,"jetpack_shortlink":"https:\/\/wp.me\/phj1q1-26zb","jetpack_featured_media_url":"","dum_api":{"author_name":"Redacci\u00f3n De \u00daltimo Minuto","author_image":"https:\/\/deultimominuto.com\/wp-content\/uploads\/2025\/02\/cropped-logo-de-ultimo-minuto-96x96.png","categories_name":["Dominican News"],"featured_media_url":null},"_links":{"self":[{"href":"https:\/\/deultimominuto.com\/en\/wp-json\/wp\/v2\/posts\/501901","targetHints":{"allow":["GET"]}}],"collection":[{"href":"https:\/\/deultimominuto.com\/en\/wp-json\/wp\/v2\/posts"}],"about":[{"href":"https:\/\/deultimominuto.com\/en\/wp-json\/wp\/v2\/types\/post"}],"author":[{"embeddable":true,"href":"https:\/\/deultimominuto.com\/en\/wp-json\/wp\/v2\/users\/4"}],"replies":[{"embeddable":true,"href":"https:\/\/deultimominuto.com\/en\/wp-json\/wp\/v2\/comments?post=501901"}],"version-history":[{"count":0,"href":"https:\/\/deultimominuto.com\/en\/wp-json\/wp\/v2\/posts\/501901\/revisions"}],"wp:attachment":[{"href":"https:\/\/deultimominuto.com\/en\/wp-json\/wp\/v2\/media?parent=501901"}],"wp:term":[{"taxonomy":"category","embeddable":true,"href":"https:\/\/deultimominuto.com\/en\/wp-json\/wp\/v2\/categories?post=501901"},{"taxonomy":"post_tag","embeddable":true,"href":"https:\/\/deultimominuto.com\/en\/wp-json\/wp\/v2\/tags?post=501901"}],"curies":[{"name":"wp","href":"https:\/\/api.w.org\/{rel}","templated":true}]}}