{"id":502491,"date":"2026-03-18T21:10:41","date_gmt":"2026-03-19T01:10:41","guid":{"rendered":"https:\/\/deultimominuto.net\/en\/uncategorized\/gonzalez-lopez-the-new-minister-of-defense-in-venezuela-sanctioned-by-the-u-s-and-the-eu\/"},"modified":"2026-03-18T21:10:41","modified_gmt":"2026-03-19T01:10:41","slug":"gonzalez-lopez-the-new-minister-of-defense-in-venezuela-sanctioned-by-the-u-s-and-the-eu","status":"publish","type":"post","link":"https:\/\/deultimominuto.com\/en\/uncategorized\/gonzalez-lopez-the-new-minister-of-defense-in-venezuela-sanctioned-by-the-u-s-and-the-eu\/","title":{"rendered":"Gonz\u00e1lez L\u00f3pez, the new Minister of Defense in Venezuela sanctioned by the U.S. and the EU"},"content":{"rendered":"<strong>Caracas.-<\/strong> General-in-chief of the Venezuelan Army Gustavo Gonz\u00e1lez L\u00f3pez, sanctioned for human rights violations by the U.S. and the European Union (EU), became the new head of Defense of the country, replacing Vladimir Padrino L\u00f3pez, the longest-serving minister of Nicol\u00e1s Maduro who could not prevent Washington from capturing the Chavista leader.\n\nGonz\u00e1lez L\u00f3pez, 65 years old, enters the office located within Venezuela&#8217;s largest military complex, Fuerte Tiuna, in Caracas, just over two months after being appointed by the acting president, Delcy Rodr\u00edguez, as commander of the Presidential Honor Guard and head of the General Directorate of Military Counterintelligence (DGCIM).\n\nIn the past, the military man was twice at the head of the feared Bolivarian National Intelligence Service (Sebin) as general director, first between 2014 and 2018 and then from 2019 to 2024, both by appointment of Maduro, now detained in New York along with his wife, congresswoman Cilia Flores, also captured last January amid US attacks on Venezuelan territory.\n\nBoth the DGCIM and Sebin have been identified by non-governmental organizations and the UN Independent International Fact-Finding Mission on Venezuela as responsible for human rights violations.\n\n\n<h5 class=\"wp-block-heading\"><strong>We recommend reading:<a href=\"https:\/\/ab.deultimominuto.net\/internacionales\/delcy-rodriguez-destituye-a-padrino-lopez\/\" target=\"_blank\" rel=\"noopener\">Delcy Rodr\u00edguez dismisses Padrino L\u00f3pez and appoints new Minister of Defense in Venezuela<\/a><\/strong><\/h5>\n\n\nIn 2020, the United Nations mission said it had found &#8220;reasonable grounds to believe&#8221; that Gonz\u00e1lez L\u00f3pez &#8220;knew of, participated in, and contributed to the commission of serious violations and crimes against political opponents targeted by the Government that took place in the Sebin from 2014 onwards, including arbitrary detentions and torture and cruel, inhuman and degrading treatment, including acts of sexual violence&#8221;.\n\nThe mission has requested to investigate the military and assured having received information from witnesses about &#8220;relationships of trust&#8221; between Gonz\u00e1lez L\u00f3pez and the current Minister of Interior, Diosdado Cabello, from whom he received &#8220;direct orders&#8221;.\n\nNor is it the first time that Gonz\u00e1lez L\u00f3pez has held a ministerial position, as he was Minister of the Interior between 2015 and 2016.\n\n\n<h2 class=\"wp-block-heading\" id=\"h-ee-uu-canada-suiza-y-la-ue\"><strong>U.S., Canada, Switzerland, and the EU<\/strong><\/h2>\n\n\nThe new head of Defense was sanctioned by the U.S. in 2015, during the government of then-President Barack Obama, who accused him of having participated directly or indirectly in repressive acts that constitute a &#8220;serious abuse&#8221; or violation of human rights.\n\nThe White House then indicated that, under its direction, the Sebin played an important role in the repressive actions against the civilian population during the protests in Venezuela, including extrajudicial detentions, and to date remains on the OFAC sanctions list.\n\nGonz\u00e1lez L\u00f3pez, who was also an advisor on Security and Intelligence to Maduro, was sanctioned by Canada in 2017 along with 39 other names such as Maduro, Padrino L\u00f3pez and Cabello, whom the Government of the North American country then pointed out as responsible for &#8220;the deterioration of democracy in Venezuela&#8221;.\n\nA year later, in 2018, he was subject to sanctions by the EU and Switzerland also for human rights violations.","protected":false},"excerpt":{"rendered":"<p>Caracas.- General-in-chief of the Venezuelan Army Gustavo Gonz\u00e1lez L\u00f3pez, sanctioned for human rights violations by the U.S. and the European Union (EU), became the new head of Defense of the country, replacing Vladimir Padrino L\u00f3pez, the longest-serving minister of Nicol\u00e1s Maduro who could not prevent Washington from capturing the Chavista leader. Gonz\u00e1lez L\u00f3pez, 65 years [&hellip;]<\/p>\n","protected":false},"author":133556,"featured_media":0,"comment_status":"open","ping_status":"open","sticky":false,"template":"","format":"standard","meta":{"_acf_changed":false,"_jetpack_newsletter_access":"","_jetpack_dont_email_post_to_subs":false,"_jetpack_newsletter_tier_id":0,"_jetpack_memberships_contains_paywalled_content":false,"_jetpack_memberships_contains_paid_content":false,"footnotes":"","_members_access_role":[],"_members_access_error":""},"categories":[1],"tags":[],"class_list":["post-502491","post","type-post","status-publish","format-standard","category-uncategorized"],"acf":[],"jetpack_sharing_enabled":true,"jetpack_shortlink":"https:\/\/wp.me\/phj1q1-26IH","jetpack_featured_media_url":"","dum_api":{"author_name":"Yerandi Santana","author_image":"https:\/\/deultimominuto.com\/wp-content\/uploads\/2026\/02\/cropped-WhatsApp-Image-2026-02-13-at-5.35.07-PM-96x96.jpeg","categories_name":["Uncategorized"],"featured_media_url":null},"_links":{"self":[{"href":"https:\/\/deultimominuto.com\/en\/wp-json\/wp\/v2\/posts\/502491","targetHints":{"allow":["GET"]}}],"collection":[{"href":"https:\/\/deultimominuto.com\/en\/wp-json\/wp\/v2\/posts"}],"about":[{"href":"https:\/\/deultimominuto.com\/en\/wp-json\/wp\/v2\/types\/post"}],"author":[{"embeddable":true,"href":"https:\/\/deultimominuto.com\/en\/wp-json\/wp\/v2\/users\/133556"}],"replies":[{"embeddable":true,"href":"https:\/\/deultimominuto.com\/en\/wp-json\/wp\/v2\/comments?post=502491"}],"version-history":[{"count":0,"href":"https:\/\/deultimominuto.com\/en\/wp-json\/wp\/v2\/posts\/502491\/revisions"}],"wp:attachment":[{"href":"https:\/\/deultimominuto.com\/en\/wp-json\/wp\/v2\/media?parent=502491"}],"wp:term":[{"taxonomy":"category","embeddable":true,"href":"https:\/\/deultimominuto.com\/en\/wp-json\/wp\/v2\/categories?post=502491"},{"taxonomy":"post_tag","embeddable":true,"href":"https:\/\/deultimominuto.com\/en\/wp-json\/wp\/v2\/tags?post=502491"}],"curies":[{"name":"wp","href":"https:\/\/api.w.org\/{rel}","templated":true}]}}