{"id":502627,"date":"2026-03-20T18:59:05","date_gmt":"2026-03-20T22:59:05","guid":{"rendered":"https:\/\/deultimominuto.net\/en\/uncategorized\/three-months-of-pre-trial-detention-against-el-mosquito-and-another-young-man-accused-of-robbing-a-woman-in-the-center-of-santiago\/"},"modified":"2026-03-20T18:59:05","modified_gmt":"2026-03-20T22:59:05","slug":"three-months-of-pre-trial-detention-against-el-mosquito-and-another-young-man-accused-of-robbing-a-woman-in-the-center-of-santiago","status":"publish","type":"post","link":"https:\/\/deultimominuto.com\/en\/uncategorized\/three-months-of-pre-trial-detention-against-el-mosquito-and-another-young-man-accused-of-robbing-a-woman-in-the-center-of-santiago\/","title":{"rendered":"Three months of pre-trial detention against &#8220;El Mosquito&#8221; and another young man accused of robbing a woman in the center of Santiago"},"content":{"rendered":"<strong>Santiago<\/strong>.- Judge Jos\u00e9 Rafael de As\u00eds Burgos, coordinator of the Instruction Courts of the judicial district of Santiago, imposed this Friday three months of preventive detention as a coercive measure against Christopher Torres Ortiz, alias \u201cEl Mosquito\u201d, and David Jim\u00e9nez F\u00e9liz, accused of assaulting a woman in broad daylight on a public road, in an event that occurred in broad daylight in the city center and was captured by surveillance cameras.\n\nThe measure must be enforced in the Correction and Rehabilitation Centers La Isleta, in Moca, and El Pinito, in La Vega, where both defendants were sent by order of the court.\n\nAccording to the file prepared by the Public Ministry, the defendants are accused of violating articles 265, 266, 2, 379, 382, 383 and 386-2 of the Dominican Penal Code, related to criminal association and attempted robbery with violence on public roads. The prosecution requested <a href=\"https:\/\/www.youtube.com\/@deultimominutotv\" data-type=\"link\" data-id=\"https:\/\/www.youtube.com\/@deultimominutotv\" target=\"_blank\" rel=\"noopener\">preventive<\/a> detention alleging the seriousness of the act and the risk of flight.\n\nAccording to preliminary investigations, Torres Ortiz and Jim\u00e9nez F\u00e9lix were traveling on a Z3000 CG200 motorcycle, black in color, allegedly driven by the latter, when they intercepted a Haitian woman who was walking through the aforementioned area, robbing her of her belongings in the middle of the robbery.\n\n\n<h6 class=\"wp-block-heading has-text-align-center\"><strong>You can also read: <a href=\"https:\/\/ab.deultimominuto.net\/nacionales\/aplazan-por-tercera-vez\/\" target=\"_blank\" rel=\"noopener\">Coercion against &#8220;El Mosquito&#8221; postponed for the third time<\/a><\/strong><\/h6>\n\n\nOne of the aspects that marked the case was the rapid intervention of a citizen who prevented the escape of the alleged assailants, an action that was recorded on video and subsequently went viral on social media, generating multiple reactions among citizens.\n\nThe authorities indicated that the investigative process is also supported by images from surveillance cameras that captured both the moment of the assault and the sequence following the failed escape. The videos were collected by agents of the Central Investigation Directorate (Dicrim) and the Cyber Police (Dicat).\n\nFollowing the knowledge of the measure, David Jim\u00e9nez F\u00e9lix&#8217;s lawyer, Jos\u00e9 Andr\u00e9s Germosen, questioned the court&#8217;s decision, assuring that his client does not fit the profile of a habitual offender.\n\nAlso, he maintained that the victim would not have shown interest in continuing with the judicial process.\n\nThe case has caused outrage among citizens of Santiago, because the assault occurred in one of the busiest areas of the city center and during daylight hours, which rekindles concern about criminal acts in public spaces in the city center.","protected":false},"excerpt":{"rendered":"<p>Santiago.- Judge Jos\u00e9 Rafael de As\u00eds Burgos, coordinator of the Instruction Courts of the judicial district of Santiago, imposed this Friday three months of preventive detention as a coercive measure against Christopher Torres Ortiz, alias \u201cEl Mosquito\u201d, and David Jim\u00e9nez F\u00e9liz, accused of assaulting a woman in broad daylight on a public road, in an [&hellip;]<\/p>\n","protected":false},"author":133543,"featured_media":0,"comment_status":"open","ping_status":"open","sticky":false,"template":"","format":"standard","meta":{"_acf_changed":false,"_jetpack_newsletter_access":"","_jetpack_dont_email_post_to_subs":false,"_jetpack_newsletter_tier_id":0,"_jetpack_memberships_contains_paywalled_content":false,"_jetpack_memberships_contains_paid_content":false,"footnotes":"","_members_access_role":[],"_members_access_error":""},"categories":[1],"tags":[],"class_list":["post-502627","post","type-post","status-publish","format-standard","category-uncategorized"],"acf":[],"jetpack_sharing_enabled":true,"jetpack_shortlink":"https:\/\/wp.me\/phj1q1-26KT","jetpack_featured_media_url":"","dum_api":{"author_name":"Carolina \u00c1lvarez","author_image":"https:\/\/deultimominuto.com\/wp-content\/uploads\/2026\/05\/cropped-WhatsApp-Image-2026-05-26-at-5.31.57-PM-96x96.jpeg","categories_name":["Uncategorized"],"featured_media_url":null},"_links":{"self":[{"href":"https:\/\/deultimominuto.com\/en\/wp-json\/wp\/v2\/posts\/502627","targetHints":{"allow":["GET"]}}],"collection":[{"href":"https:\/\/deultimominuto.com\/en\/wp-json\/wp\/v2\/posts"}],"about":[{"href":"https:\/\/deultimominuto.com\/en\/wp-json\/wp\/v2\/types\/post"}],"author":[{"embeddable":true,"href":"https:\/\/deultimominuto.com\/en\/wp-json\/wp\/v2\/users\/133543"}],"replies":[{"embeddable":true,"href":"https:\/\/deultimominuto.com\/en\/wp-json\/wp\/v2\/comments?post=502627"}],"version-history":[{"count":0,"href":"https:\/\/deultimominuto.com\/en\/wp-json\/wp\/v2\/posts\/502627\/revisions"}],"wp:attachment":[{"href":"https:\/\/deultimominuto.com\/en\/wp-json\/wp\/v2\/media?parent=502627"}],"wp:term":[{"taxonomy":"category","embeddable":true,"href":"https:\/\/deultimominuto.com\/en\/wp-json\/wp\/v2\/categories?post=502627"},{"taxonomy":"post_tag","embeddable":true,"href":"https:\/\/deultimominuto.com\/en\/wp-json\/wp\/v2\/tags?post=502627"}],"curies":[{"name":"wp","href":"https:\/\/api.w.org\/{rel}","templated":true}]}}