{"id":502855,"date":"2026-03-24T08:38:44","date_gmt":"2026-03-24T12:38:44","guid":{"rendered":"https:\/\/deultimominuto.net\/en\/uncategorized\/spain-begins-preparations-for-friendlies-against-serbia-and-egypt-with-several-absences\/"},"modified":"2026-03-24T08:38:44","modified_gmt":"2026-03-24T12:38:44","slug":"spain-begins-preparations-for-friendlies-against-serbia-and-egypt-with-several-absences","status":"publish","type":"post","link":"https:\/\/deultimominuto.com\/en\/sports\/football\/spain-begins-preparations-for-friendlies-against-serbia-and-egypt-with-several-absences\/","title":{"rendered":"Spain begins preparations for friendlies against Serbia and Egypt with several absences"},"content":{"rendered":"\n<p class=\"wp-block-paragraph\"><\/p>\n\n\n<strong>LAS ROZAS, MADRID.<\/strong> \u2013 The Spanish national football team held its first training session on Tuesday to prepare for the friendly matches against Serbia and Egypt, in a session held at the Ciudad del F\u00fatbol de Las Rozas under the orders of coach Luis de la Fuente.\n\n\n<p class=\"wp-block-paragraph\"><strong>You may be interested in<a href=\"https:\/\/ab.deultimominuto.net\/deportes\/futbol\/el-argentino-matias-almeyda-destituido-como-entrenador-del-sevilla\/\" target=\"_blank\" rel=\"noopener\">: <\/a><\/strong><a href=\"https:\/\/ab.deultimominuto.net\/deportes\/futbol\/el-argentino-matias-almeyda-destituido-como-entrenador-del-sevilla\/\" target=\"_blank\" rel=\"noopener\">Argentine Mat\u00edas Almeyda, sacked as Sevilla coach<\/a><\/p>\n\n\nThe practice took place without the participation in the group of Lamine Yamal, Marcos Llorente and Aymeric Laporte, who did physical work separately due to accumulated wear and tear and slight physical discomfort, according to the coaching staff.\n\nAmong the new features of the training were Joan Garc\u00eda, V\u00edctor Mu\u00f1oz, Cristhian Mosquera and Ander Barrenetxea, who joined the group and experienced their first session with the senior team, in the last call-up before the 2026 World Cup.\n\nThe rest of the squad completed the session in a relaxed atmosphere after several months without coinciding in a concentration. After physical exercises and work with the ball, the team continued with tactical aspects in a closed-door practice.\n\nSpain plans to face Serbia on Friday, March 27th and Egypt on Tuesday, March 31st, friendly matches that are part of their international preparation. The Spanish team will hold several training sessions in Las Rozas until Thursday, when they will travel to Castell\u00f3n to continue with their planning.","protected":false},"excerpt":{"rendered":"<p>LAS ROZAS, MADRID. \u2013 The Spanish national football team held its first training session on Tuesday to prepare for the friendly matches against Serbia and Egypt, in a session held at the Ciudad del F\u00fatbol de Las Rozas under the orders of coach Luis de la Fuente. You may be interested in: Argentine Mat\u00edas Almeyda, [&hellip;]<\/p>\n","protected":false},"author":4,"featured_media":0,"comment_status":"open","ping_status":"open","sticky":false,"template":"","format":"standard","meta":{"_acf_changed":false,"_jetpack_newsletter_access":"","_jetpack_dont_email_post_to_subs":false,"_jetpack_newsletter_tier_id":0,"_jetpack_memberships_contains_paywalled_content":false,"_jetpack_memberships_contains_paid_content":false,"footnotes":"","_members_access_role":[],"_members_access_error":""},"categories":[40943],"tags":[611,40231,41186],"class_list":["post-502855","post","type-post","status-publish","format-standard","category-football","tag-deultimominuto","tag-dominican-republic","tag-theperiodicodelatruth"],"acf":[],"jetpack_sharing_enabled":true,"jetpack_shortlink":"https:\/\/wp.me\/phj1q1-26Oz","jetpack_featured_media_url":"","dum_api":{"author_name":"Redacci\u00f3n De \u00daltimo Minuto","author_image":"https:\/\/deultimominuto.com\/wp-content\/uploads\/2025\/02\/cropped-logo-de-ultimo-minuto-96x96.png","categories_name":["Football"],"featured_media_url":null},"_links":{"self":[{"href":"https:\/\/deultimominuto.com\/en\/wp-json\/wp\/v2\/posts\/502855","targetHints":{"allow":["GET"]}}],"collection":[{"href":"https:\/\/deultimominuto.com\/en\/wp-json\/wp\/v2\/posts"}],"about":[{"href":"https:\/\/deultimominuto.com\/en\/wp-json\/wp\/v2\/types\/post"}],"author":[{"embeddable":true,"href":"https:\/\/deultimominuto.com\/en\/wp-json\/wp\/v2\/users\/4"}],"replies":[{"embeddable":true,"href":"https:\/\/deultimominuto.com\/en\/wp-json\/wp\/v2\/comments?post=502855"}],"version-history":[{"count":0,"href":"https:\/\/deultimominuto.com\/en\/wp-json\/wp\/v2\/posts\/502855\/revisions"}],"wp:attachment":[{"href":"https:\/\/deultimominuto.com\/en\/wp-json\/wp\/v2\/media?parent=502855"}],"wp:term":[{"taxonomy":"category","embeddable":true,"href":"https:\/\/deultimominuto.com\/en\/wp-json\/wp\/v2\/categories?post=502855"},{"taxonomy":"post_tag","embeddable":true,"href":"https:\/\/deultimominuto.com\/en\/wp-json\/wp\/v2\/tags?post=502855"}],"curies":[{"name":"wp","href":"https:\/\/api.w.org\/{rel}","templated":true}]}}