{"id":502956,"date":"2026-03-25T16:53:20","date_gmt":"2026-03-25T20:53:20","guid":{"rendered":"https:\/\/deultimominuto.net\/en\/uncategorized\/regional-director-03-participates-in-artistic-gala-dedicated-to-kinito-mendez-in-padre-las-casas\/"},"modified":"2026-03-25T16:53:20","modified_gmt":"2026-03-25T20:53:20","slug":"regional-director-03-participates-in-artistic-gala-dedicated-to-kinito-mendez-in-padre-las-casas","status":"publish","type":"post","link":"https:\/\/deultimominuto.com\/en\/error-en-el-proceso-de-traduccion\/regional-director-03-participates-in-artistic-gala-dedicated-to-kinito-mendez-in-padre-las-casas\/","title":{"rendered":"Regional Director 03 participates in artistic gala dedicated to Kinito M\u00e9ndez in Padre Las Casas"},"content":{"rendered":"\n<p class=\"wp-block-paragraph\"><strong>Padre Las Casas, Azua.\u2013<\/strong> The director of Regional Education 03, <strong>teacher <a href=\"https:\/\/ab.deultimominuto.net\/nacionales\/lineamientos-de-semana-santa-2026\/\" data-type=\"link\" data-id=\"https:\/\/ab.deultimominuto.net\/nacionales\/lineamientos-de-semana-santa-2026\/\" target=\"_blank\" rel=\"noopener\">Jos\u00e9 Antonio de los Santos<\/a><\/strong>, led the institutional participation in the 8th Gala of the Liceo en Artes Eugenio Mar\u00eda de Hostos Center, where student talent and the value of Dominican cultural identity through art were demonstrated.<\/p>\n\n\nThe activity, organized by Educational District 03-02, was held under the theme <strong><a href=\"https:\/\/ab.deultimominuto.net\/nacionales\/lineamientos-de-semana-santa-2026\/\" data-type=\"link\" data-id=\"https:\/\/ab.deultimominuto.net\/nacionales\/lineamientos-de-semana-santa-2026\/\" target=\"_blank\" rel=\"noopener\">\u201cArtistic Journeys<\/a>:<\/strong> Origin and Journey of Our Identity\u201d, bringing together educational authorities, municipal representatives, and actors from the business sector.\n\nThe event was dedicated to merengue singer Kinito M\u00e9ndez, in recognition of his career and contribution to Dominican music. During the event, the artist thanked the educational community for the distinction.\n\nAmong the attendees, the presence of do\u00f1a Jesussa Lebr\u00f3n, the artist&#8217;s mother, was also highlighted, whose participation added an emotional touch to the activity, by accompanying the recognition of her son in his community of origin.\n\n\n<figure class=\"wp-block-gallery has-nested-images columns-default is-cropped wp-block-gallery-1 is-layout-flex wp-block-gallery-is-layout-flex\">\n<figure class=\"wp-block-image size-large\"><img decoding=\"async\" data-id=\"630750\" src=\"https:\/\/ab.deultimominuto.net\/wp-content\/uploads\/2026\/03\/69a5b92d-a345-499d-9d7d-240663ed5a1a.jpg\" alt=\"Director Regional 03 participa en gala art\u00edstica dedicada a Kinito M\u00e9ndez en Padre Las Casas\" class=\"wp-image-630750\" title=\"\"><\/figure>\n<\/figure>\n\n\nIn his speech, the regional director valued the effort of students, teachers, and organizers, highlighting the commitment to a comprehensive education that fosters creativity and artistic expression.\n\n\n<h4 class=\"wp-block-heading\"><strong>We recommend reading: <a href=\"https:\/\/ab.deultimominuto.net\/nacionales\/lineamientos-de-semana-santa-2026\/\" data-type=\"link\" data-id=\"https:\/\/ab.deultimominuto.net\/nacionales\/lineamientos-de-semana-santa-2026\/\" target=\"_blank\" rel=\"noopener\">Governor Adela Tejada Gil convenes organizations to outline guidelines for Holy Week 2026<\/a><\/strong><a href=\"https:\/\/ab.deultimominuto.net\/category\/nacionales\/\" target=\"_blank\" rel=\"noopener\"><\/a><\/h4>\n\n\nThe gala included stage presentations, craft exhibitions, costume jewelry, and audiovisual productions, demonstrating the educational level of the students in the arts modality.\n\nAlso present were the district director, Elvido Delgado; the deputy director, Mar\u00eda Estela Corcino; as well as regional and national technicians of the Arts Modality, including Scarlin Beltr\u00e9, Samuel El\u00edas Cuello, Juan El\u00edas Pe\u00f1a and Juan Carlos Castillo.\n\nThis initiative is part of the educational system&#8217;s efforts to strengthen artistic training and promote cultural identity in the province of Azua.","protected":false},"excerpt":{"rendered":"<p>Padre Las Casas, Azua.\u2013 The director of Regional Education 03, teacher Jos\u00e9 Antonio de los Santos, led the institutional participation in the 8th Gala of the Liceo en Artes Eugenio Mar\u00eda de Hostos Center, where student talent and the value of Dominican cultural identity through art were demonstrated. The activity, organized by Educational District 03-02, [&hellip;]<\/p>\n","protected":false},"author":111,"featured_media":0,"comment_status":"open","ping_status":"open","sticky":false,"template":"","format":"standard","meta":{"_acf_changed":false,"_jetpack_newsletter_access":"","_jetpack_dont_email_post_to_subs":false,"_jetpack_newsletter_tier_id":0,"_jetpack_memberships_contains_paywalled_content":false,"_jetpack_memberships_contains_paid_content":false,"footnotes":"","_members_access_role":[],"_members_access_error":""},"categories":[42461],"tags":[],"class_list":["post-502956","post","type-post","status-publish","format-standard","category-error-en-el-proceso-de-traduccion"],"acf":[],"jetpack_sharing_enabled":true,"jetpack_shortlink":"https:\/\/wp.me\/phj1q1-26Qc","jetpack_featured_media_url":"","dum_api":{"author_name":"Ana Laura L\u00f3pez","author_image":"https:\/\/deultimominuto.com\/wp-content\/uploads\/2025\/01\/cropped-WhatsApp-Image-2025-01-29-at-1.45.56-PM-96x96.jpeg","categories_name":["Error en el proceso de traducci\u00f3n"],"featured_media_url":null},"_links":{"self":[{"href":"https:\/\/deultimominuto.com\/en\/wp-json\/wp\/v2\/posts\/502956","targetHints":{"allow":["GET"]}}],"collection":[{"href":"https:\/\/deultimominuto.com\/en\/wp-json\/wp\/v2\/posts"}],"about":[{"href":"https:\/\/deultimominuto.com\/en\/wp-json\/wp\/v2\/types\/post"}],"author":[{"embeddable":true,"href":"https:\/\/deultimominuto.com\/en\/wp-json\/wp\/v2\/users\/111"}],"replies":[{"embeddable":true,"href":"https:\/\/deultimominuto.com\/en\/wp-json\/wp\/v2\/comments?post=502956"}],"version-history":[{"count":0,"href":"https:\/\/deultimominuto.com\/en\/wp-json\/wp\/v2\/posts\/502956\/revisions"}],"wp:attachment":[{"href":"https:\/\/deultimominuto.com\/en\/wp-json\/wp\/v2\/media?parent=502956"}],"wp:term":[{"taxonomy":"category","embeddable":true,"href":"https:\/\/deultimominuto.com\/en\/wp-json\/wp\/v2\/categories?post=502956"},{"taxonomy":"post_tag","embeddable":true,"href":"https:\/\/deultimominuto.com\/en\/wp-json\/wp\/v2\/tags?post=502956"}],"curies":[{"name":"wp","href":"https:\/\/api.w.org\/{rel}","templated":true}]}}