{"id":503249,"date":"2026-03-29T17:25:00","date_gmt":"2026-03-29T21:25:00","guid":{"rendered":"https:\/\/deultimominuto.net\/en\/uncategorized\/dont-let-him-live-yulennys-sister-cries-out-for-justice-and-demands-the-capture-of-the-man-wanted-for-a-crime-in-sabana-iglesia\/"},"modified":"2026-03-29T17:25:00","modified_gmt":"2026-03-29T21:25:00","slug":"dont-let-him-live-yulennys-sister-cries-out-for-justice-and-demands-the-capture-of-the-man-wanted-for-a-crime-in-sabana-iglesia","status":"publish","type":"post","link":"https:\/\/deultimominuto.com\/en\/uncategorized\/dont-let-him-live-yulennys-sister-cries-out-for-justice-and-demands-the-capture-of-the-man-wanted-for-a-crime-in-sabana-iglesia\/","title":{"rendered":"\u201cDon&#8217;t let him live\u201d: Yulenny&#8217;s sister cries out for justice and demands the capture of the man wanted for a crime in Sabana Iglesia"},"content":{"rendered":"\n<p class=\"wp-block-paragraph\"><strong>Santiago.-<\/strong> Amid tears, pain, and indignation, the sister of<strong> <a href=\"https:\/\/ab.deultimominuto.net\/nacionales\/hallan-amordazada-y-quemada-a-joven-dentro-de-su-vivienda\/\" data-type=\"link\" data-id=\"https:\/\/ab.deultimominuto.net\/nacionales\/hallan-amordazada-y-quemada-a-joven-dentro-de-su-vivienda\/\" target=\"_blank\" rel=\"noopener\">Yulenny Carolina Fr\u00edas de Le\u00f3n,<\/a> <\/strong>32 years old, broke the silence this Sunday and launched a heartbreaking call to the authorities to capture V\u00edctor Gonz\u00e1lez Mart\u00ednez, 31 years old, identified as the man who is actively sought by the Police in connection with the horrific crime that occurred in the municipality of Sabana Iglesia, where the young woman was found gagged and partially burned inside her home.<\/p>\n\n\nThe victim was found lifeless in their residence, located on C\u00e1ndido Vargas street, in an event that has caused consternation and repulsion throughout the province of <a href=\"https:\/\/ab.deultimominuto.net\/nacionales\/hallan-amordazada-y-quemada-a-joven-dentro-de-su-vivienda\/\" data-type=\"link\" data-id=\"https:\/\/ab.deultimominuto.net\/nacionales\/hallan-amordazada-y-quemada-a-joven-dentro-de-su-vivienda\/\" target=\"_blank\" rel=\"noopener\">Santiago,<\/a> due to the brutality with which it was perpetrated.\n\n&#8220;I want justice for my sister, I want them to kill him, not leave him alive, wherever he is,&#8221; expressed Yulenny&#8217;s relative, visibly affected, amidst the deep pain that overwhelms her family after the atrocious event.\n\n\n<figure class=\"wp-block-image size-large\"><img decoding=\"async\" src=\"https:\/\/ab.deultimominuto.net\/wp-content\/uploads\/2026\/03\/WhatsApp-Image-2026-03-29-at-5.17.58-PM-778x1024.jpeg\" alt=\"\" class=\"wp-image-632764\" title=\"\"><\/figure>\n\n\n\n<h4 class=\"wp-block-heading\"><strong>We recommend reading: <a href=\"https:\/\/ab.deultimominuto.net\/nacionales\/hallan-amordazada-y-quemada-a-joven-dentro-de-su-vivienda\/\" data-type=\"link\" data-id=\"https:\/\/ab.deultimominuto.net\/nacionales\/hallan-amordazada-y-quemada-a-joven-dentro-de-su-vivienda\/\" target=\"_blank\" rel=\"noopener\">Young woman found gagged and burned inside her home; family cries out for justice<\/a><\/strong><a href=\"https:\/\/ab.deultimominuto.net\/category\/nacionales\/\" target=\"_blank\" rel=\"noopener\"><\/a><\/h4>\n\n\nAccording to his statements, the man wanted by the authorities is V\u00edctor Gonz\u00e1lez Mart\u00ednez, 31 years old, originally from Villa Mella, whom he identified as the person allegedly linked to the murder of his sister.\n\nMeanwhile, the National Police, through the Central Directorate of Criminal Investigations (DICRIM), along with the Public Ministry, is actively searching for the suspect, as part of the investigations into the crime that has shaken the community of Sabana Iglesia.\n\nThe case has generated a strong reaction among residents of the municipality, who demand that the person responsible be captured and brought to justice, while the victim&#8217;s family insists that the act cannot go unpunished.\n\nThe authorities have not offered further details on the progress of the investigations, although it is expected that in the coming hours information on this case will be expanded, which adds to the episodes of violence that keep the population alarmed.","protected":false},"excerpt":{"rendered":"<p>Santiago.- Amid tears, pain, and indignation, the sister of Yulenny Carolina Fr\u00edas de Le\u00f3n, 32 years old, broke the silence this Sunday and launched a heartbreaking call to the authorities to capture V\u00edctor Gonz\u00e1lez Mart\u00ednez, 31 years old, identified as the man who is actively sought by the Police in connection with the horrific crime [&hellip;]<\/p>\n","protected":false},"author":111,"featured_media":0,"comment_status":"open","ping_status":"open","sticky":false,"template":"","format":"standard","meta":{"_acf_changed":false,"_jetpack_newsletter_access":"","_jetpack_dont_email_post_to_subs":false,"_jetpack_newsletter_tier_id":0,"_jetpack_memberships_contains_paywalled_content":false,"_jetpack_memberships_contains_paid_content":false,"footnotes":"","_members_access_role":[],"_members_access_error":""},"categories":[1],"tags":[],"class_list":["post-503249","post","type-post","status-publish","format-standard","category-uncategorized"],"acf":[],"jetpack_sharing_enabled":true,"jetpack_shortlink":"https:\/\/wp.me\/phj1q1-26UV","jetpack_featured_media_url":"","dum_api":{"author_name":"Ana Laura L\u00f3pez","author_image":"https:\/\/deultimominuto.com\/wp-content\/uploads\/2025\/01\/cropped-WhatsApp-Image-2025-01-29-at-1.45.56-PM-96x96.jpeg","categories_name":["Uncategorized"],"featured_media_url":null},"_links":{"self":[{"href":"https:\/\/deultimominuto.com\/en\/wp-json\/wp\/v2\/posts\/503249","targetHints":{"allow":["GET"]}}],"collection":[{"href":"https:\/\/deultimominuto.com\/en\/wp-json\/wp\/v2\/posts"}],"about":[{"href":"https:\/\/deultimominuto.com\/en\/wp-json\/wp\/v2\/types\/post"}],"author":[{"embeddable":true,"href":"https:\/\/deultimominuto.com\/en\/wp-json\/wp\/v2\/users\/111"}],"replies":[{"embeddable":true,"href":"https:\/\/deultimominuto.com\/en\/wp-json\/wp\/v2\/comments?post=503249"}],"version-history":[{"count":0,"href":"https:\/\/deultimominuto.com\/en\/wp-json\/wp\/v2\/posts\/503249\/revisions"}],"wp:attachment":[{"href":"https:\/\/deultimominuto.com\/en\/wp-json\/wp\/v2\/media?parent=503249"}],"wp:term":[{"taxonomy":"category","embeddable":true,"href":"https:\/\/deultimominuto.com\/en\/wp-json\/wp\/v2\/categories?post=503249"},{"taxonomy":"post_tag","embeddable":true,"href":"https:\/\/deultimominuto.com\/en\/wp-json\/wp\/v2\/tags?post=503249"}],"curies":[{"name":"wp","href":"https:\/\/api.w.org\/{rel}","templated":true}]}}