{"id":503430,"date":"2026-03-31T14:20:36","date_gmt":"2026-03-31T18:20:36","guid":{"rendered":"https:\/\/deultimominuto.net\/en\/uncategorized\/zelenski-insiste-en-una-tregua-de-pascua-y-pide-a-trump-que-apoye-la-propuesta\/"},"modified":"2026-03-31T14:20:36","modified_gmt":"2026-03-31T18:20:36","slug":"zelenski-insiste-en-una-tregua-de-pascua-y-pide-a-trump-que-apoye-la-propuesta","status":"publish","type":"post","link":"https:\/\/deultimominuto.com\/en\/international\/zelenski-insiste-en-una-tregua-de-pascua-y-pide-a-trump-que-apoye-la-propuesta\/","title":{"rendered":"Zelenski insiste en una tregua de Pascua y pide a Trump que apoye la propuesta"},"content":{"rendered":"\n<p class=\"wp-block-paragraph\"><strong>Kiev.-<\/strong> El presidente ucraniano, <strong>Volod\u00edmir Zelenski<\/strong>, insisti\u00f3 este martes en la idea que lanz\u00f3 la v\u00edspera de que se declare un alto el fuego con motivo de la Pascua ortodoxa y pidi\u00f3 a Estados Unidos que apoye la propuesta.<\/p>\n\n\n\n<p class=\"wp-block-paragraph\">&#8220;Habl\u00e9 de ello ayer y lo repito hoy: hemos propuesto un alto el fuego para la <strong>festividad de Pascua<\/strong>. Esperamos que EE.UU. apoye esta propuesta y esperamos respuestas de Rusia&#8221;, dijo Zelenski durante la<strong> reuni\u00f3n informal de ministros de Exteriores de la Uni\u00f3n Europea (UE)<\/strong> que se celebra este martes en Kiev, seg\u00fan declaraciones recogidas por la agencia p\u00fablica ucraniana Ukrinform.<\/p>\n\n\n\n<p class=\"wp-block-paragraph\">El presidente ucraniano anunci\u00f3, adem\u00e1s, que tiene previsto hablar el mi\u00e9rcoles con los mediadores estadounidenses sobre esta cuesti\u00f3n.<\/p>\n\n\n\n<p class=\"wp-block-paragraph\">La Pascua ortodoxa se celebra el 12 de abril.<\/p>\n\n\n\n<h2 class=\"wp-block-heading\">El<strong> portavoz el Kremlin<\/strong>, <strong>Dmitri Peskov<\/strong>, dijo sin embargo este mismo martes que <strong>Rusia rechaza la posibilidad de un alto el fuego,<\/strong> y emplaz\u00f3 a Zelenski a tomar las decisiones necesarias para que se firme una paz definitiva.<\/h2>\n\n\n\n<p class=\"wp-block-paragraph\"><strong>Te puede interesar: <\/strong><a href=\"https:\/\/ab.deultimominuto.net\/internacionales\/zelenski-pide-garantias-de-seguridad-a-ee-uu-y-una-reunion-con-putin-para-acercar-la-paz\/\" data-type=\"link\" data-id=\"https:\/\/ab.deultimominuto.net\/internacionales\/zelenski-pide-garantias-de-seguridad-a-ee-uu-y-una-reunion-con-putin-para-acercar-la-paz\/\" target=\"_blank\" rel=\"noopener\">Zelenski pide garant\u00edas de seguridad a EE.UU. y una reuni\u00f3n con Putin para acercar la paz<\/a><\/p>\n\n\n\n<p class=\"wp-block-paragraph\">Rusia exige que Ucrania se retire del territorio que sigue controlando en la regi\u00f3n del Donb\u00e1s para poner fin a la guerra, algo que Kiev rechaza.<\/p>\n\n\n\n<p class=\"wp-block-paragraph\">El presidente ruso,<strong> Vlad\u00edmir Putin,<\/strong> s\u00ed declar\u00f3 el a\u00f1o pasado una tregua de treinta horas a la que tambi\u00e9n se sum\u00f3 Kiev.<\/p>\n","protected":false},"excerpt":{"rendered":"<p>Kiev.- El presidente ucraniano, Volod\u00edmir Zelenski, insisti\u00f3 este martes en la idea que lanz\u00f3 la v\u00edspera de que se declare un alto el fuego con motivo de la Pascua ortodoxa y pidi\u00f3 a Estados Unidos que apoye la propuesta. &#8220;Habl\u00e9 de ello ayer y lo repito hoy: hemos propuesto un alto el fuego para la [&hellip;]<\/p>\n","protected":false},"author":3,"featured_media":503431,"comment_status":"open","ping_status":"open","sticky":false,"template":"","format":"standard","meta":{"_acf_changed":false,"_jetpack_newsletter_access":"","_jetpack_dont_email_post_to_subs":false,"_jetpack_newsletter_tier_id":0,"_jetpack_memberships_contains_paywalled_content":false,"_jetpack_memberships_contains_paid_content":false,"footnotes":"","_members_access_role":[],"_members_access_error":""},"categories":[95],"tags":[14168,39485,18404,14800],"class_list":["post-503430","post","type-post","status-publish","format-standard","has-post-thumbnail","category-international","tag-guerra","tag-pascua","tag-volodimir-zelenski","tag-zelenski"],"acf":[],"jetpack_sharing_enabled":true,"jetpack_shortlink":"https:\/\/wp.me\/phj1q1-26XQ","jetpack_featured_media_url":"https:\/\/deultimominuto.com\/en\/wp-content\/uploads\/sites\/2\/2026\/03\/Copia-de-Copia-de-Post-de-Instagram-Feliz-Cumpleanos-Sencillo-Minimalista-Azul-1000-x-500-px-2026-03-31T141625.617.jpg","dum_api":{"author_name":"EFE","author_image":"https:\/\/deultimominuto.com\/wp-content\/uploads\/2021\/08\/1200px-EFE_logo.svg-96x96.png","categories_name":["International"],"featured_media_url":"https:\/\/cdn.deultimominuto.com\/en\/wp-content\/uploads\/sites\/2\/2026\/03\/Copia-de-Copia-de-Post-de-Instagram-Feliz-Cumpleanos-Sencillo-Minimalista-Azul-1000-x-500-px-2026-03-31T141625.617.jpg"},"_links":{"self":[{"href":"https:\/\/deultimominuto.com\/en\/wp-json\/wp\/v2\/posts\/503430","targetHints":{"allow":["GET"]}}],"collection":[{"href":"https:\/\/deultimominuto.com\/en\/wp-json\/wp\/v2\/posts"}],"about":[{"href":"https:\/\/deultimominuto.com\/en\/wp-json\/wp\/v2\/types\/post"}],"author":[{"embeddable":true,"href":"https:\/\/deultimominuto.com\/en\/wp-json\/wp\/v2\/users\/3"}],"replies":[{"embeddable":true,"href":"https:\/\/deultimominuto.com\/en\/wp-json\/wp\/v2\/comments?post=503430"}],"version-history":[{"count":0,"href":"https:\/\/deultimominuto.com\/en\/wp-json\/wp\/v2\/posts\/503430\/revisions"}],"wp:featuredmedia":[{"embeddable":true,"href":"https:\/\/deultimominuto.com\/en\/wp-json\/wp\/v2\/media\/503431"}],"wp:attachment":[{"href":"https:\/\/deultimominuto.com\/en\/wp-json\/wp\/v2\/media?parent=503430"}],"wp:term":[{"taxonomy":"category","embeddable":true,"href":"https:\/\/deultimominuto.com\/en\/wp-json\/wp\/v2\/categories?post=503430"},{"taxonomy":"post_tag","embeddable":true,"href":"https:\/\/deultimominuto.com\/en\/wp-json\/wp\/v2\/tags?post=503430"}],"curies":[{"name":"wp","href":"https:\/\/api.w.org\/{rel}","templated":true}]}}