{"id":503457,"date":"2026-03-31T17:34:08","date_gmt":"2026-03-31T21:34:08","guid":{"rendered":"https:\/\/deultimominuto.net\/en\/uncategorized\/un-juez-federal-declara-inconstitucional-la-orden-de-trump-para-recortar-fondos-a-npr-y-pbs\/"},"modified":"2026-03-31T17:34:08","modified_gmt":"2026-03-31T21:34:08","slug":"un-juez-federal-declara-inconstitucional-la-orden-de-trump-para-recortar-fondos-a-npr-y-pbs","status":"publish","type":"post","link":"https:\/\/deultimominuto.com\/en\/uncategorized\/un-juez-federal-declara-inconstitucional-la-orden-de-trump-para-recortar-fondos-a-npr-y-pbs\/","title":{"rendered":"Un juez federal declara inconstitucional la orden de Trump para recortar fondos a NPR y PBS"},"content":{"rendered":"\n<p class=\"wp-block-paragraph\"><strong>Washington.- <\/strong>Un juez en Washington declar\u00f3 inconstitucional este martes la orden ejecutiva del presidente de <a href=\"https:\/\/efe.com\/mundo\/2026-03-31\/estados-unidos-fondos-npr-pbs-trump-juez\/\" target=\"_blank\" rel=\"noopener\">Estados Unidos<\/a>, Donald Trump, para cortar fondos federales a los medios p\u00fablicos NPR y PBS, en un nuevo rev\u00e9s jur\u00eddico a las pol\u00edticas del republicano.<\/p>\n\n\n\n<p class=\"wp-block-paragraph\">En su dictamen, el magistrado Randolph Moss indic\u00f3 que la acci\u00f3n de Trump contra las emisoras viola el derecho a la libertad de prensa garantizado en la Primera Enmienda de la Constituci\u00f3n y equivale a una \u00abdiscriminaci\u00f3n por punto de vista\u00bb por parte del mandatario, que ha acusado a estos medios de tener un \u00absesgo izquierdista\u00bb.<\/p>\n\n\n\n<p class=\"wp-block-paragraph\">Moss fall\u00f3 a favor de PBS y NPR, quienes demandaron a la Administraci\u00f3n Trump en mayo del a\u00f1o pasado por considerar que el presidente no tiene la autoridad para actuar como \u00ab\u00e1rbitro del contenido de la programaci\u00f3n\u00bb de estos medios.&nbsp;<\/p>\n\n\n\n<p class=\"wp-block-paragraph\">As\u00ed, el tribunal revirti\u00f3 los recortes a la Radio Nacional P\u00fablica y el Servicio P\u00fablico de Radiodifusi\u00f3n de EE.UU. (NPR y PBS, en ingl\u00e9s), aunque est\u00e1 previsto que el Gobierno apele el veredicto, como ya ha hecho en procesos anteriores.<\/p>\n\n\n\n<h5 class=\"wp-block-heading\"><strong>Recomendamos leer:<a href=\"https:\/\/ab.deultimominuto.net\/internacionales\/bloquean-eliminar-nacionalidad\/\" target=\"_blank\" rel=\"noopener\">Un juez federal bloquea la orden de Trump de eliminar la nacionalidad por nacimiento<\/a><\/strong><\/h5>\n\n\n\n<h2 class=\"wp-block-heading\" id=\"h-reduccion-de-presupuesto\"><strong>Reducci\u00f3n de presupuesto<\/strong><\/h2>\n\n\n\n<p class=\"wp-block-paragraph\">Esta decisi\u00f3n llega d\u00edas despu\u00e9s de que otro juez federal\u00a0ordenara el pasado 17 de marzo restablecer las operaciones de la Voz de Am\u00e9rica y reincorporar a 1.042 de los 1.147 empleados puestos en licencia administrativa desde hace un a\u00f1o, cuando Trump intent\u00f3 cerrar la hist\u00f3rica emisora, financiada por el Gobierno.<\/p>\n\n\n\n<p class=\"wp-block-paragraph\">Trump orden\u00f3 a principios de mayo a la Corporaci\u00f3n para la Radiodifusi\u00f3n P\u00fablica (CPB), que distribuye fondos federales asignados por el Congreso a los medios, reducir al m\u00ednimo legal el presupuesto de NPR y PBS, en una orden ejecutiva tambi\u00e9n niega cualquier \u201cfinanciaci\u00f3n futura\u201d para ambas emisoras.<\/p>\n\n\n\n<p class=\"wp-block-paragraph\">Aunque los fondos federales representan cerca del 1 % del presupuesto total de NPR, suponen entre el 8 % y el 10 % para sus m\u00e1s de 1.300 emisoras afiliadas. En el caso de PBS y sus estaciones asociadas, aproximadamente el 15 % de sus ingresos provienen de la CPB.<\/p>\n","protected":false},"excerpt":{"rendered":"<p>Washington.- Un juez en Washington declar\u00f3 inconstitucional este martes la orden ejecutiva del presidente de Estados Unidos, Donald Trump, para cortar fondos federales a los medios p\u00fablicos NPR y PBS, en un nuevo rev\u00e9s jur\u00eddico a las pol\u00edticas del republicano. En su dictamen, el magistrado Randolph Moss indic\u00f3 que la acci\u00f3n de Trump contra las [&hellip;]<\/p>\n","protected":false},"author":133556,"featured_media":0,"comment_status":"open","ping_status":"open","sticky":false,"template":"","format":"standard","meta":{"_acf_changed":false,"_jetpack_newsletter_access":"","_jetpack_dont_email_post_to_subs":false,"_jetpack_newsletter_tier_id":0,"_jetpack_memberships_contains_paywalled_content":false,"_jetpack_memberships_contains_paid_content":false,"footnotes":"","_members_access_role":[],"_members_access_error":""},"categories":[1],"tags":[],"class_list":["post-503457","post","type-post","status-publish","format-standard","category-uncategorized"],"acf":[],"jetpack_sharing_enabled":true,"jetpack_shortlink":"https:\/\/wp.me\/phj1q1-26Yh","jetpack_featured_media_url":"","dum_api":{"author_name":"Yerandi Santana","author_image":"https:\/\/deultimominuto.com\/wp-content\/uploads\/2026\/02\/cropped-WhatsApp-Image-2026-02-13-at-5.35.07-PM-96x96.jpeg","categories_name":["Uncategorized"],"featured_media_url":null},"_links":{"self":[{"href":"https:\/\/deultimominuto.com\/en\/wp-json\/wp\/v2\/posts\/503457","targetHints":{"allow":["GET"]}}],"collection":[{"href":"https:\/\/deultimominuto.com\/en\/wp-json\/wp\/v2\/posts"}],"about":[{"href":"https:\/\/deultimominuto.com\/en\/wp-json\/wp\/v2\/types\/post"}],"author":[{"embeddable":true,"href":"https:\/\/deultimominuto.com\/en\/wp-json\/wp\/v2\/users\/133556"}],"replies":[{"embeddable":true,"href":"https:\/\/deultimominuto.com\/en\/wp-json\/wp\/v2\/comments?post=503457"}],"version-history":[{"count":0,"href":"https:\/\/deultimominuto.com\/en\/wp-json\/wp\/v2\/posts\/503457\/revisions"}],"wp:attachment":[{"href":"https:\/\/deultimominuto.com\/en\/wp-json\/wp\/v2\/media?parent=503457"}],"wp:term":[{"taxonomy":"category","embeddable":true,"href":"https:\/\/deultimominuto.com\/en\/wp-json\/wp\/v2\/categories?post=503457"},{"taxonomy":"post_tag","embeddable":true,"href":"https:\/\/deultimominuto.com\/en\/wp-json\/wp\/v2\/tags?post=503457"}],"curies":[{"name":"wp","href":"https:\/\/api.w.org\/{rel}","templated":true}]}}