{"id":503491,"date":"2026-03-31T20:18:57","date_gmt":"2026-04-01T00:18:57","guid":{"rendered":"https:\/\/deultimominuto.net\/en\/uncategorized\/jose-ernesto-abud-exige-al-gobierno-frenar-gastos-excesivos-frente-a-crisis-por-alza-del-petroleo\/"},"modified":"2026-03-31T20:20:42","modified_gmt":"2026-04-01T00:20:42","slug":"jose-ernesto-abud-exige-al-gobierno-frenar-gastos-excesivos-frente-a-crisis-por-alza-del-petroleo","status":"publish","type":"post","link":"https:\/\/deultimominuto.com\/en\/uncategorized\/jose-ernesto-abud-exige-al-gobierno-frenar-gastos-excesivos-frente-a-crisis-por-alza-del-petroleo\/","title":{"rendered":"Jos\u00e9 Ernesto Abud exige al Gobierno frenar gastos excesivos frente a crisis por alza del petr\u00f3leo"},"content":{"rendered":"\n<p class=\"wp-block-paragraph\"><strong>Santo Domingo<\/strong>. \u2013 El dirigente pol\u00edtico de la Fuerza del Pueblo (FP), Jos\u00e9 Ernesto Abud, hizo un llamado urgente al Poder Ejecutivo para que aplique una pol\u00edtica de austeridad real y detenga lo que calific\u00f3 como &#8220;<strong>gastos excesivos e innecesarios<\/strong>&#8221; en la administraci\u00f3n p\u00fablica, ante el impacto directo del alza en los precios internacionales del petr\u00f3leo.<\/p>\n\n\n\n<p class=\"wp-block-paragraph\">Abud se\u00f1al\u00f3 que, mientras el barril de crudo experimenta una volatilidad que amenaza la estabilidad econ\u00f3mica de las familias dominicanas, el Gobierno mantiene una estructura de gasto en publicidad, asesor\u00edas y vi\u00e1ticos que no se corresponde con el discurso de crisis que se le pide entender al pueblo.<\/p>\n\n\n\n<h6 class=\"wp-block-heading has-text-align-center\"><strong>Tambi\u00e9n puedes leer: <a href=\"https:\/\/ab.deultimominuto.net\/nacionales\/jose-ernesto-abud-pide-al-gobierno-mostrar-plan-para-garantizar-calidad-servicios-senasa\/\" target=\"_blank\" rel=\"noopener\">Jos\u00e9 Ernesto Abud: pide al gobierno mostrar plan para garantizar calidad servicios Senasa | De \u00daltimo Minuto | Noticias Rep\u00fablica Dominicana<\/a><\/strong><\/h6>\n\n\n\n<blockquote class=\"wp-block-quote is-layout-flow wp-block-quote-is-layout-flow\">\n<p class=\"wp-block-paragraph\">&#8220;No es posible que en medio de una crisis global que encarece los combustibles y, por ende, la canasta b\u00e1sica, el Gobierno siga priorizando el gasto en imagen por encima del alivio a los ciudadanos. Es momento de apretarse el cintur\u00f3n desde el Estado, no desde el bolsillo de la gente&#8221;, afirm\u00f3 el dirigente.<\/p>\n<\/blockquote>\n\n\n\n<p class=\"wp-block-paragraph\">Jos\u00e9 Ernesto Abud reiter\u00f3 que la Fuerza del Pueblo se mantiene vigilante ante las pol\u00edticas econ\u00f3micas del Gobierno, exigiendo siempre soluciones que protejan la calidad de vida de los dominicanos y la estabilidad del aparato productivo nacional.<\/p>\n","protected":false},"excerpt":{"rendered":"<p>Santo Domingo. \u2013 El dirigente pol\u00edtico de la Fuerza del Pueblo (FP), Jos\u00e9 Ernesto Abud, hizo un llamado urgente al Poder Ejecutivo para que aplique una pol\u00edtica de austeridad real y detenga lo que calific\u00f3 como &#8220;gastos excesivos e innecesarios&#8221; en la administraci\u00f3n p\u00fablica, ante el impacto directo del alza en los precios internacionales del [&hellip;]<\/p>\n","protected":false},"author":133543,"featured_media":0,"comment_status":"open","ping_status":"open","sticky":false,"template":"","format":"standard","meta":{"_acf_changed":false,"_jetpack_newsletter_access":"","_jetpack_dont_email_post_to_subs":false,"_jetpack_newsletter_tier_id":0,"_jetpack_memberships_contains_paywalled_content":false,"_jetpack_memberships_contains_paid_content":false,"footnotes":"","_members_access_role":[],"_members_access_error":""},"categories":[1],"tags":[],"class_list":["post-503491","post","type-post","status-publish","format-standard","category-uncategorized"],"acf":[],"jetpack_sharing_enabled":true,"jetpack_shortlink":"https:\/\/wp.me\/phj1q1-26YP","jetpack_featured_media_url":"","dum_api":{"author_name":"Carolina \u00c1lvarez","author_image":"https:\/\/deultimominuto.com\/wp-content\/uploads\/2026\/05\/cropped-WhatsApp-Image-2026-05-26-at-5.31.57-PM-96x96.jpeg","categories_name":["Uncategorized"],"featured_media_url":null},"_links":{"self":[{"href":"https:\/\/deultimominuto.com\/en\/wp-json\/wp\/v2\/posts\/503491","targetHints":{"allow":["GET"]}}],"collection":[{"href":"https:\/\/deultimominuto.com\/en\/wp-json\/wp\/v2\/posts"}],"about":[{"href":"https:\/\/deultimominuto.com\/en\/wp-json\/wp\/v2\/types\/post"}],"author":[{"embeddable":true,"href":"https:\/\/deultimominuto.com\/en\/wp-json\/wp\/v2\/users\/133543"}],"replies":[{"embeddable":true,"href":"https:\/\/deultimominuto.com\/en\/wp-json\/wp\/v2\/comments?post=503491"}],"version-history":[{"count":0,"href":"https:\/\/deultimominuto.com\/en\/wp-json\/wp\/v2\/posts\/503491\/revisions"}],"wp:attachment":[{"href":"https:\/\/deultimominuto.com\/en\/wp-json\/wp\/v2\/media?parent=503491"}],"wp:term":[{"taxonomy":"category","embeddable":true,"href":"https:\/\/deultimominuto.com\/en\/wp-json\/wp\/v2\/categories?post=503491"},{"taxonomy":"post_tag","embeddable":true,"href":"https:\/\/deultimominuto.com\/en\/wp-json\/wp\/v2\/tags?post=503491"}],"curies":[{"name":"wp","href":"https:\/\/api.w.org\/{rel}","templated":true}]}}