{"id":503550,"date":"2026-04-01T15:32:00","date_gmt":"2026-04-01T19:32:00","guid":{"rendered":"https:\/\/deultimominuto.net\/en\/uncategorized\/definido-el-calendario-de-la-fase-de-grupos-del-mundial-2026-con-72-partidos\/"},"modified":"2026-04-01T15:32:00","modified_gmt":"2026-04-01T19:32:00","slug":"definido-el-calendario-de-la-fase-de-grupos-del-mundial-2026-con-72-partidos","status":"publish","type":"post","link":"https:\/\/deultimominuto.com\/en\/sports\/football\/definido-el-calendario-de-la-fase-de-grupos-del-mundial-2026-con-72-partidos\/","title":{"rendered":"Definido el calendario de la fase de grupos del Mundial 2026 con 72 partidos"},"content":{"rendered":"\n<p class=\"wp-block-paragraph\"><\/p>\n\n\n\n<p class=\"wp-block-paragraph\"><strong>REDACCI\u00d3N DEPORTES (EFE).<\/strong> \u2014 La fase de grupos de la Copa Mundial de la FIFA 2026 qued\u00f3 oficialmente estructurada tras completarse los \u00faltimos cupos clasificatorios, dando paso a un calendario de 72 partidos que se disputar\u00e1n entre el 11 y el 27 de junio.<\/p>\n\n\n\n<p class=\"wp-block-paragraph\"><strong>Te puede interesar <\/strong><a href=\"http:\/\/Sheinbaum promete a Infantino una inauguraci\u00f3n del Mundial \u00abhist\u00f3rica y excepcional\u00bb\">Sheinbaum promete a Infantino una inauguraci\u00f3n del Mundial \u00abhist\u00f3rica y excepcional\u00bb<\/a><\/p>\n\n\n\n<p class=\"wp-block-paragraph\">El torneo, que por primera vez contar\u00e1 con 48 selecciones y ser\u00e1 organizado de manera conjunta por Estados Unidos, M\u00e9xico y Canad\u00e1, tendr\u00e1 un total de 104 encuentros. El partido inaugural se celebrar\u00e1 el 11 de junio en el Estadio Azteca, donde la Selecci\u00f3n de f\u00fatbol de M\u00e9xico enfrentar\u00e1 a la Selecci\u00f3n de f\u00fatbol de Sud\u00e1frica. La final est\u00e1 programada para el 17 de julio en el MetLife Stadium.<\/p>\n\n\n\n<h3 class=\"wp-block-heading\">\u00daltimos clasificados<\/h3>\n\n\n\n<p class=\"wp-block-paragraph\">La configuraci\u00f3n definitiva de los grupos se complet\u00f3 tras las repescas. En Europa, avanzaron la Selecci\u00f3n de f\u00fatbol de la Rep\u00fablica Checa, la Selecci\u00f3n de f\u00fatbol de Bosnia y Herzegovina, la Selecci\u00f3n de f\u00fatbol de Turqu\u00eda y la Selecci\u00f3n de f\u00fatbol de Suecia.<\/p>\n\n\n\n<p class=\"wp-block-paragraph\">En la repesca intercontinental, lograron su boleto la Selecci\u00f3n de f\u00fatbol de la Rep\u00fablica Democr\u00e1tica del Congo y la Selecci\u00f3n de f\u00fatbol de Irak.<\/p>\n\n\n\n<h3 class=\"wp-block-heading\">Formato de competencia<\/h3>\n\n\n\n<p class=\"wp-block-paragraph\">La primera fase estar\u00e1 compuesta por 12 grupos, de los cuales avanzar\u00e1n 32 selecciones a la ronda eliminatoria. Esta etapa inicial se definir\u00e1 tras la disputa de los 72 encuentros programados en distintas sedes de Norteam\u00e9rica<\/p>\n\n\n\n<hr class=\"wp-block-separator has-alpha-channel-opacity\" \/>\n\n\n\n<h3 class=\"wp-block-heading\"> <strong>Primeros partidos \u2013 Fase de Grupos Mundial 2026<\/strong><\/h3>\n\n\n\n<figure class=\"wp-block-table\"><table class=\"has-fixed-layout\"><thead><tr><th>Fecha<\/th><th>Partido<\/th><th>Grupo<\/th><th>Estadio<\/th><\/tr><\/thead><tbody><tr><td>11 junio<\/td><td>Selecci\u00f3n de f\u00fatbol de M\u00e9xico vs Selecci\u00f3n de f\u00fatbol de Sud\u00e1frica<\/td><td>A<\/td><td>Estadio Azteca<\/td><\/tr><tr><td>11 junio<\/td><td>Selecci\u00f3n de f\u00fatbol de Corea del Sur vs Selecci\u00f3n de f\u00fatbol de la Rep\u00fablica Checa<\/td><td>A<\/td><td>Estadio Akron<\/td><\/tr><tr><td>12 junio<\/td><td>Selecci\u00f3n de f\u00fatbol de Canad\u00e1 vs Selecci\u00f3n de f\u00fatbol de Bosnia y Herzegovina<\/td><td>B<\/td><td>BMO Field<\/td><\/tr><tr><td>12 junio<\/td><td>Selecci\u00f3n de f\u00fatbol de Estados Unidos vs Selecci\u00f3n de f\u00fatbol de Paraguay<\/td><td>D<\/td><td>MetLife Stadium<\/td><\/tr><tr><td>13 junio<\/td><td>Selecci\u00f3n de f\u00fatbol de Brasil vs Selecci\u00f3n de f\u00fatbol de Marruecos<\/td><td>C<\/td><td>MetLife Stadium<\/td><\/tr><tr><td>14 junio<\/td><td>Selecci\u00f3n de f\u00fatbol de Alemania vs Selecci\u00f3n de f\u00fatbol de Curazao<\/td><td>E<\/td><td>NRG Stadium<\/td><\/tr><tr><td>15 junio<\/td><td>Selecci\u00f3n de f\u00fatbol de Espa\u00f1a vs Selecci\u00f3n de f\u00fatbol de Cabo Verde<\/td><td>H<\/td><td>Mercedes-Benz Stadium<\/td><\/tr><tr><td>16 junio<\/td><td>Selecci\u00f3n de f\u00fatbol de Francia vs Selecci\u00f3n de f\u00fatbol de Senegal<\/td><td>I<\/td><td>MetLife Stadium<\/td><\/tr><tr><td>17 junio<\/td><td>Selecci\u00f3n de f\u00fatbol de Portugal vs Selecci\u00f3n de f\u00fatbol de la Rep\u00fablica Democr\u00e1tica del Congo<\/td><td>K<\/td><td>Gillette Stadium<\/td><\/tr><tr><td>17 junio<\/td><td>Selecci\u00f3n de f\u00fatbol de Inglaterra vs Selecci\u00f3n de f\u00fatbol de Croacia<\/td><td>L<\/td><td>AT&amp;T Stadium<\/td><\/tr><\/tbody><\/table><\/figure>\n\n\n\n<hr class=\"wp-block-separator has-alpha-channel-opacity\" \/>\n\n\n\n<p class=\"wp-block-paragraph\">Adem\u00e1s, el torneo incluir\u00e1 una amplia variedad de sedes emblem\u00e1ticas como el Mercedes-Benz Stadium, el SoFi Stadium y el Estadio Akron.<\/p>\n\n\n\n<p class=\"wp-block-paragraph\">Con un formato ampliado y una agenda cargada de encuentros de alto nivel, el Mundial 2026 promete ser el m\u00e1s grande y diverso en la historia del f\u00fatbol, marcando un antes y un despu\u00e9s en la evoluci\u00f3n del torneo.<\/p>\n","protected":false},"excerpt":{"rendered":"<p>REDACCI\u00d3N DEPORTES (EFE). \u2014 La fase de grupos de la Copa Mundial de la FIFA 2026 qued\u00f3 oficialmente estructurada tras completarse los \u00faltimos cupos clasificatorios, dando paso a un calendario de 72 partidos que se disputar\u00e1n entre el 11 y el 27 de junio. Te puede interesar Sheinbaum promete a Infantino una inauguraci\u00f3n del Mundial [&hellip;]<\/p>\n","protected":false},"author":3,"featured_media":503551,"comment_status":"open","ping_status":"open","sticky":false,"template":"","format":"standard","meta":{"_acf_changed":false,"_jetpack_newsletter_access":"","_jetpack_dont_email_post_to_subs":false,"_jetpack_newsletter_tier_id":0,"_jetpack_memberships_contains_paywalled_content":false,"_jetpack_memberships_contains_paid_content":false,"footnotes":"","_members_access_role":[],"_members_access_error":""},"categories":[40943],"tags":[611,40420,13719,132],"class_list":["post-503550","post","type-post","status-publish","format-standard","has-post-thumbnail","category-football","tag-deultimominuto","tag-elperiodicodelaverdad","tag-estados-unidos","tag-republica-dominicana"],"acf":[],"jetpack_sharing_enabled":true,"jetpack_shortlink":"https:\/\/wp.me\/phj1q1-26ZM","jetpack_featured_media_url":"https:\/\/deultimominuto.com\/en\/wp-content\/uploads\/sites\/2\/2026\/04\/images-14.jpeg","dum_api":{"author_name":"EFE","author_image":"https:\/\/deultimominuto.com\/wp-content\/uploads\/2021\/08\/1200px-EFE_logo.svg-96x96.png","categories_name":["Football"],"featured_media_url":"https:\/\/cdn.deultimominuto.com\/en\/wp-content\/uploads\/sites\/2\/2026\/04\/images-14.jpeg"},"_links":{"self":[{"href":"https:\/\/deultimominuto.com\/en\/wp-json\/wp\/v2\/posts\/503550","targetHints":{"allow":["GET"]}}],"collection":[{"href":"https:\/\/deultimominuto.com\/en\/wp-json\/wp\/v2\/posts"}],"about":[{"href":"https:\/\/deultimominuto.com\/en\/wp-json\/wp\/v2\/types\/post"}],"author":[{"embeddable":true,"href":"https:\/\/deultimominuto.com\/en\/wp-json\/wp\/v2\/users\/3"}],"replies":[{"embeddable":true,"href":"https:\/\/deultimominuto.com\/en\/wp-json\/wp\/v2\/comments?post=503550"}],"version-history":[{"count":0,"href":"https:\/\/deultimominuto.com\/en\/wp-json\/wp\/v2\/posts\/503550\/revisions"}],"wp:featuredmedia":[{"embeddable":true,"href":"https:\/\/deultimominuto.com\/en\/wp-json\/wp\/v2\/media\/503551"}],"wp:attachment":[{"href":"https:\/\/deultimominuto.com\/en\/wp-json\/wp\/v2\/media?parent=503550"}],"wp:term":[{"taxonomy":"category","embeddable":true,"href":"https:\/\/deultimominuto.com\/en\/wp-json\/wp\/v2\/categories?post=503550"},{"taxonomy":"post_tag","embeddable":true,"href":"https:\/\/deultimominuto.com\/en\/wp-json\/wp\/v2\/tags?post=503550"}],"curies":[{"name":"wp","href":"https:\/\/api.w.org\/{rel}","templated":true}]}}