{"id":503584,"date":"2026-04-01T18:55:46","date_gmt":"2026-04-01T22:55:46","guid":{"rendered":"https:\/\/deultimominuto.net\/en\/uncategorized\/ministerio-publico-solicita-prision-preventiva-contra-dos-hombres-que-mataron-a-otro-durante-atraco-en-puerto-plata\/"},"modified":"2026-04-01T18:55:46","modified_gmt":"2026-04-01T22:55:46","slug":"ministerio-publico-solicita-prision-preventiva-contra-dos-hombres-que-mataron-a-otro-durante-atraco-en-puerto-plata","status":"publish","type":"post","link":"https:\/\/deultimominuto.com\/en\/uncategorized\/ministerio-publico-solicita-prision-preventiva-contra-dos-hombres-que-mataron-a-otro-durante-atraco-en-puerto-plata\/","title":{"rendered":"Ministerio P\u00fablico solicita prisi\u00f3n preventiva contra dos hombres que mataron a otro durante atraco en Puerto Plata"},"content":{"rendered":"\n<p class=\"wp-block-paragraph\">El Ministerio P\u00fablico solicit\u00f3 este mi\u00e9rcoles prisi\u00f3n preventiva como medida de coerci\u00f3n contra dos hombres acusados de dar muerte a un ciudadano extranjero durante un atraco ocurrido el pasado 23 de marzo en la provincia Puerto Plata.<\/p>\n\n\n\n<p class=\"wp-block-paragraph\">Los imputados son los dominicanos Joily Junior Severino y Rangel Merette Rodr\u00edguez, se\u00f1alados por la muerte del canadiense Tistan Primeau-Poitras, a quien presuntamente intentaron despojar de su pasola junto a su hermano mientras ambos se desplazaban hacia el hotel donde se hospedaban, en la zona de Maim\u00f3n.<\/p>\n\n\n\n<p class=\"wp-block-paragraph\">De acuerdo con la acusaci\u00f3n, las v\u00edctimas salieron de un establecimiento comercial en horas de la madrugada y fueron perseguidas por los agresores, quienes se trasladaban en otra motocicleta. En medio del intento de atraco, uno de los acusados habr\u00eda realizado varios disparos, impactando a Primeau-Poitras en el gl\u00fateo.<\/p>\n\n\n\n<p class=\"wp-block-paragraph\">Aunque la v\u00edctima fue auxiliada y trasladada a un centro de salud por una unidad del sistema 9-1-1, falleci\u00f3 posteriormente a causa de la herida por arma de fuego, seg\u00fan el informe del Instituto Nacional de Ciencias Forenses (Inacif), que determin\u00f3 como causa de muerte un shock hemorr\u00e1gico.<\/p>\n\n\n\n<p class=\"wp-block-paragraph\">Recomendamos leer:<\/p>\n\n\n\n<p class=\"wp-block-paragraph\">El Ministerio P\u00fablico sostiene que existen evidencias suficientes que vinculan a los imputados con el hecho, por lo que solicit\u00f3 su env\u00edo a prisi\u00f3n preventiva mientras avanza el proceso judicial. Adem\u00e1s, indic\u00f3 que ambos tambi\u00e9n habr\u00edan estado relacionados con otros hechos delictivos en la jurisdicci\u00f3n de Puerto Plata.<\/p>\n\n\n\n<p class=\"wp-block-paragraph\">La solicitud de medida de coerci\u00f3n fue presentada ante la Oficina Judicial de Servicios de Atenci\u00f3n Permanente de Puerto Plata.<\/p>\n","protected":false},"excerpt":{"rendered":"<p>El Ministerio P\u00fablico solicit\u00f3 este mi\u00e9rcoles prisi\u00f3n preventiva como medida de coerci\u00f3n contra dos hombres acusados de dar muerte a un ciudadano extranjero durante un atraco ocurrido el pasado 23 de marzo en la provincia Puerto Plata. Los imputados son los dominicanos Joily Junior Severino y Rangel Merette Rodr\u00edguez, se\u00f1alados por la muerte del canadiense [&hellip;]<\/p>\n","protected":false},"author":133556,"featured_media":0,"comment_status":"open","ping_status":"open","sticky":false,"template":"","format":"standard","meta":{"_acf_changed":false,"_jetpack_newsletter_access":"","_jetpack_dont_email_post_to_subs":false,"_jetpack_newsletter_tier_id":0,"_jetpack_memberships_contains_paywalled_content":false,"_jetpack_memberships_contains_paid_content":false,"footnotes":"","_members_access_role":[],"_members_access_error":""},"categories":[1],"tags":[],"class_list":["post-503584","post","type-post","status-publish","format-standard","category-uncategorized"],"acf":[],"jetpack_sharing_enabled":true,"jetpack_shortlink":"https:\/\/wp.me\/phj1q1-270k","jetpack_featured_media_url":"","dum_api":{"author_name":"Yerandi Santana","author_image":"https:\/\/deultimominuto.com\/wp-content\/uploads\/2026\/02\/cropped-WhatsApp-Image-2026-02-13-at-5.35.07-PM-96x96.jpeg","categories_name":["Uncategorized"],"featured_media_url":null},"_links":{"self":[{"href":"https:\/\/deultimominuto.com\/en\/wp-json\/wp\/v2\/posts\/503584","targetHints":{"allow":["GET"]}}],"collection":[{"href":"https:\/\/deultimominuto.com\/en\/wp-json\/wp\/v2\/posts"}],"about":[{"href":"https:\/\/deultimominuto.com\/en\/wp-json\/wp\/v2\/types\/post"}],"author":[{"embeddable":true,"href":"https:\/\/deultimominuto.com\/en\/wp-json\/wp\/v2\/users\/133556"}],"replies":[{"embeddable":true,"href":"https:\/\/deultimominuto.com\/en\/wp-json\/wp\/v2\/comments?post=503584"}],"version-history":[{"count":0,"href":"https:\/\/deultimominuto.com\/en\/wp-json\/wp\/v2\/posts\/503584\/revisions"}],"wp:attachment":[{"href":"https:\/\/deultimominuto.com\/en\/wp-json\/wp\/v2\/media?parent=503584"}],"wp:term":[{"taxonomy":"category","embeddable":true,"href":"https:\/\/deultimominuto.com\/en\/wp-json\/wp\/v2\/categories?post=503584"},{"taxonomy":"post_tag","embeddable":true,"href":"https:\/\/deultimominuto.com\/en\/wp-json\/wp\/v2\/tags?post=503584"}],"curies":[{"name":"wp","href":"https:\/\/api.w.org\/{rel}","templated":true}]}}