{"id":503613,"date":"2026-04-01T21:47:36","date_gmt":"2026-04-02T01:47:36","guid":{"rendered":"https:\/\/deultimominuto.net\/en\/uncategorized\/colombia-autobus-con-35-pasajeros-se-vuelca-en-la-vega-y-deja-varios-heridos\/"},"modified":"2026-04-01T21:47:36","modified_gmt":"2026-04-02T01:47:36","slug":"colombia-autobus-con-35-pasajeros-se-vuelca-en-la-vega-y-deja-varios-heridos","status":"publish","type":"post","link":"https:\/\/deultimominuto.com\/en\/uncategorized\/colombia-autobus-con-35-pasajeros-se-vuelca-en-la-vega-y-deja-varios-heridos\/","title":{"rendered":"Colombia: autob\u00fas con 35 pasajeros se vuelca en La Vega y deja varios heridos"},"content":{"rendered":"\n<p class=\"wp-block-paragraph\"><strong>Colombia.-<\/strong>El Cuerpo de Bomberos Voluntarios de La Vega report\u00f3 durante la jornada del 1 de abril de 2026 que se present\u00f3 un accidente de tr\u00e1nsito en la \u201cCurva de Shilim\u201d, sobre la v\u00eda que conecta Bogot\u00e1 y el municipio de La Vega, en Cundinamarca.<\/p>\n\n\n\n<p class=\"wp-block-paragraph\">El reporte indica que un bus de transporte p\u00fablico sufri\u00f3 un volcamiento lateral tras salirse de la carretera.<\/p>\n\n\n\n<p class=\"wp-block-paragraph\">De acuerdo con la informaci\u00f3n suministrada por los bomberos a trav\u00e9s de un bolet\u00edn oficial emitido en la noche del mi\u00e9rcoles de Semana Santa,\u00a0<strong>hasta el momento se desconoce el n\u00famero exacto de personas lesionadas, aunque se confirm\u00f3 la activaci\u00f3n del protocolo de emergencias por parte del Centro Regulador de Urgencias y Emergencias (Crue) Cundinamarca<\/strong>, que coordina la asistencia de ambulancias, personal t\u00e9cnico de la concesi\u00f3n vial y la Polic\u00eda Nacional.<\/p>\n\n\n\n<p class=\"wp-block-paragraph\">Del mismo modo, se inform\u00f3 que los equipos de rescate se desplazaron al sitio tras recibir la informaci\u00f3n del siniestro para asegurar el \u00e1rea y socorrer a los afectados, de acuerdo al comunicado distribuido por el Cuerpo de Bomberos Voluntarios de La Vega.<\/p>\n\n\n\n<h2 class=\"wp-block-heading\"><strong>Recomendamos leer:<a href=\"https:\/\/ab.deultimominuto.net\/nacionales\/ambulancia-del-911-sufre-accidente-en-don-juan-durante-traslado-de-emergencia\/\" target=\"_blank\" rel=\"noopener\">Ambulancia del 911 sufre accidente en Don Juan durante traslado de emergencia<\/a><\/strong><\/h2>\n\n\n\n<p class=\"wp-block-paragraph\">Las causas del incidente y el estado de los pasajeros se informar\u00e1n oficialmente cuando finalicen las labores y se consoliden los datos en terreno.<\/p>\n","protected":false},"excerpt":{"rendered":"<p>Colombia.-El Cuerpo de Bomberos Voluntarios de La Vega report\u00f3 durante la jornada del 1 de abril de 2026 que se present\u00f3 un accidente de tr\u00e1nsito en la \u201cCurva de Shilim\u201d, sobre la v\u00eda que conecta Bogot\u00e1 y el municipio de La Vega, en Cundinamarca. El reporte indica que un bus de transporte p\u00fablico sufri\u00f3 un [&hellip;]<\/p>\n","protected":false},"author":133556,"featured_media":0,"comment_status":"open","ping_status":"open","sticky":false,"template":"","format":"standard","meta":{"_acf_changed":false,"_jetpack_newsletter_access":"","_jetpack_dont_email_post_to_subs":false,"_jetpack_newsletter_tier_id":0,"_jetpack_memberships_contains_paywalled_content":false,"_jetpack_memberships_contains_paid_content":false,"footnotes":"","_members_access_role":[],"_members_access_error":""},"categories":[1],"tags":[],"class_list":["post-503613","post","type-post","status-publish","format-standard","category-uncategorized"],"acf":[],"jetpack_sharing_enabled":true,"jetpack_shortlink":"https:\/\/wp.me\/phj1q1-270N","jetpack_featured_media_url":"","dum_api":{"author_name":"Yerandi Santana","author_image":"https:\/\/deultimominuto.com\/wp-content\/uploads\/2026\/02\/cropped-WhatsApp-Image-2026-02-13-at-5.35.07-PM-96x96.jpeg","categories_name":["Uncategorized"],"featured_media_url":null},"_links":{"self":[{"href":"https:\/\/deultimominuto.com\/en\/wp-json\/wp\/v2\/posts\/503613","targetHints":{"allow":["GET"]}}],"collection":[{"href":"https:\/\/deultimominuto.com\/en\/wp-json\/wp\/v2\/posts"}],"about":[{"href":"https:\/\/deultimominuto.com\/en\/wp-json\/wp\/v2\/types\/post"}],"author":[{"embeddable":true,"href":"https:\/\/deultimominuto.com\/en\/wp-json\/wp\/v2\/users\/133556"}],"replies":[{"embeddable":true,"href":"https:\/\/deultimominuto.com\/en\/wp-json\/wp\/v2\/comments?post=503613"}],"version-history":[{"count":0,"href":"https:\/\/deultimominuto.com\/en\/wp-json\/wp\/v2\/posts\/503613\/revisions"}],"wp:attachment":[{"href":"https:\/\/deultimominuto.com\/en\/wp-json\/wp\/v2\/media?parent=503613"}],"wp:term":[{"taxonomy":"category","embeddable":true,"href":"https:\/\/deultimominuto.com\/en\/wp-json\/wp\/v2\/categories?post=503613"},{"taxonomy":"post_tag","embeddable":true,"href":"https:\/\/deultimominuto.com\/en\/wp-json\/wp\/v2\/tags?post=503613"}],"curies":[{"name":"wp","href":"https:\/\/api.w.org\/{rel}","templated":true}]}}