{"id":503738,"date":"2026-04-02T19:36:12","date_gmt":"2026-04-02T23:36:12","guid":{"rendered":"https:\/\/deultimominuto.net\/en\/uncategorized\/gigantes-avanzan-en-su-preparacion-tras-completar-primeros-10-dias-de-entrenamientos\/"},"modified":"2026-04-02T19:36:12","modified_gmt":"2026-04-02T23:36:12","slug":"gigantes-avanzan-en-su-preparacion-tras-completar-primeros-10-dias-de-entrenamientos","status":"publish","type":"post","link":"https:\/\/deultimominuto.com\/en\/sports\/basketball\/gigantes-avanzan-en-su-preparacion-tras-completar-primeros-10-dias-de-entrenamientos\/","title":{"rendered":"Gigantes avanzan en su preparaci\u00f3n tras completar primeros 10 d\u00edas de entrenamientos"},"content":{"rendered":"\n<p class=\"wp-block-paragraph\"><\/p>\n\n\n\n<p class=\"wp-block-paragraph\"><strong>SAN FRANCISCO DE MACOR\u00cdS, RD.<\/strong> \u2014 Los Gigantes de San Francisco contin\u00faan avanzando de manera positiva en su preparaci\u00f3n con miras a la pr\u00f3xima temporada, luego de completar sus primeros 10 d\u00edas de entrenamientos, convirti\u00e9ndose en el primer equipo de la liga en iniciar sus pr\u00e1cticas.<\/p>\n\n\n\n<p class=\"wp-block-paragraph\"><strong>Te puede interesar<\/strong>: <a href=\"https:\/\/ab.deultimominuto.net\/deportes\/baloncesto\/los-mina-y-trenes-avanzan-a-la-final-del-tbs-santo-domingo-2026\/#google_vignette\" target=\"_blank\" rel=\"noopener\">Los Mina y Trenes avanzan a la final del TBS Santo Domingo 2026<\/a><\/p>\n\n\n\n<p class=\"wp-block-paragraph\">Durante este per\u00edodo, el dirigente V\u00edctor Pe\u00f1a y su cuerpo t\u00e9cnico han podido evaluar de cerca el talento joven disponible, adem\u00e1s de confirmar la buena condici\u00f3n f\u00edsica de varios jugadores llamados a desempe\u00f1ar roles importantes dentro del conjunto.<\/p>\n\n\n\n<p class=\"wp-block-paragraph\">Entre los jugadores que han participado en las jornadas de entrenamientos se encuentran Edgar Tejeda, Juan Jr. Rosario, Franky Batista, Jos\u00e9 Carlos Borb\u00f3n, Giovanni Cordero Nova, Miguel Miranda, Raphy Polanco y Hanlet Ru\u00edz.<\/p>\n\n\n\n<p class=\"wp-block-paragraph\">Asimismo, el equipo ha contado con la integraci\u00f3n de un importante grupo de j\u00f3venes talentos, entre ellos Andriw Herrera, Junior Mu\u00f1oz, Johan Camilo, Luis V\u00e1squez, Claudi Ortega, Ram\u00f3n Daniel Axel, N\u00e9stor Rodr\u00edguez y Dolphy Arias, quienes buscan ganarse un espacio en el roster para la pr\u00f3xima campa\u00f1a.<\/p>\n\n\n\n<p class=\"wp-block-paragraph\">La gerencia del equipo inform\u00f3 que para el pr\u00f3ximo lunes se espera la llegada e integraci\u00f3n de Luismal Ferreiras, as\u00ed como de cuatro jugadores importados que estar\u00e1n arribando al pa\u00eds durante el transcurso de la pr\u00f3xima semana.<\/p>\n\n\n\n<p class=\"wp-block-paragraph\">La temporada est\u00e1 pautada para iniciar el 14 de abril, mientras que los Gigantes debutar\u00e1n el d\u00eda 15 en Santo Domingo, cuando enfrenten al Club San Carlos en un partido frente a los Leones de Santo Domingo.<\/p>\n\n\n\n<p class=\"wp-block-paragraph\">Los Gigantes de San Francisco contin\u00faan enfocados en conformar un equipo competitivo, apostando a la combinaci\u00f3n de experiencia y juventud de cara a la venidera temporada.<\/p>\n","protected":false},"excerpt":{"rendered":"<p>SAN FRANCISCO DE MACOR\u00cdS, RD. \u2014 Los Gigantes de San Francisco contin\u00faan avanzando de manera positiva en su preparaci\u00f3n con miras a la pr\u00f3xima temporada, luego de completar sus primeros 10 d\u00edas de entrenamientos, convirti\u00e9ndose en el primer equipo de la liga en iniciar sus pr\u00e1cticas. Te puede interesar: Los Mina y Trenes avanzan a [&hellip;]<\/p>\n","protected":false},"author":4,"featured_media":503739,"comment_status":"open","ping_status":"open","sticky":false,"template":"","format":"standard","meta":{"_acf_changed":false,"_jetpack_newsletter_access":"","_jetpack_dont_email_post_to_subs":false,"_jetpack_newsletter_tier_id":0,"_jetpack_memberships_contains_paywalled_content":false,"_jetpack_memberships_contains_paid_content":false,"footnotes":"","_members_access_role":[],"_members_access_error":""},"categories":[35743],"tags":[611,40420,132],"class_list":["post-503738","post","type-post","status-publish","format-standard","has-post-thumbnail","category-basketball","tag-deultimominuto","tag-elperiodicodelaverdad","tag-republica-dominicana"],"acf":[],"jetpack_sharing_enabled":true,"jetpack_shortlink":"https:\/\/wp.me\/phj1q1-272O","jetpack_featured_media_url":"https:\/\/deultimominuto.com\/en\/wp-content\/uploads\/sites\/2\/2026\/04\/Practicas-Gigantes-de-San-Francisco.jpeg","dum_api":{"author_name":"Redacci\u00f3n De \u00daltimo Minuto","author_image":"https:\/\/deultimominuto.com\/wp-content\/uploads\/2025\/02\/cropped-logo-de-ultimo-minuto-96x96.png","categories_name":["Basketball"],"featured_media_url":"https:\/\/cdn.deultimominuto.com\/en\/wp-content\/uploads\/sites\/2\/2026\/04\/Practicas-Gigantes-de-San-Francisco.jpeg"},"_links":{"self":[{"href":"https:\/\/deultimominuto.com\/en\/wp-json\/wp\/v2\/posts\/503738","targetHints":{"allow":["GET"]}}],"collection":[{"href":"https:\/\/deultimominuto.com\/en\/wp-json\/wp\/v2\/posts"}],"about":[{"href":"https:\/\/deultimominuto.com\/en\/wp-json\/wp\/v2\/types\/post"}],"author":[{"embeddable":true,"href":"https:\/\/deultimominuto.com\/en\/wp-json\/wp\/v2\/users\/4"}],"replies":[{"embeddable":true,"href":"https:\/\/deultimominuto.com\/en\/wp-json\/wp\/v2\/comments?post=503738"}],"version-history":[{"count":0,"href":"https:\/\/deultimominuto.com\/en\/wp-json\/wp\/v2\/posts\/503738\/revisions"}],"wp:featuredmedia":[{"embeddable":true,"href":"https:\/\/deultimominuto.com\/en\/wp-json\/wp\/v2\/media\/503739"}],"wp:attachment":[{"href":"https:\/\/deultimominuto.com\/en\/wp-json\/wp\/v2\/media?parent=503738"}],"wp:term":[{"taxonomy":"category","embeddable":true,"href":"https:\/\/deultimominuto.com\/en\/wp-json\/wp\/v2\/categories?post=503738"},{"taxonomy":"post_tag","embeddable":true,"href":"https:\/\/deultimominuto.com\/en\/wp-json\/wp\/v2\/tags?post=503738"}],"curies":[{"name":"wp","href":"https:\/\/api.w.org\/{rel}","templated":true}]}}