{"id":503744,"date":"2026-04-02T20:05:25","date_gmt":"2026-04-03T00:05:25","guid":{"rendered":"https:\/\/deultimominuto.net\/en\/uncategorized\/james-rodriguez-evoluciona-favorablemente-tras-hospitalizacion-en-estados-unidos\/"},"modified":"2026-04-02T20:05:25","modified_gmt":"2026-04-03T00:05:25","slug":"james-rodriguez-evoluciona-favorablemente-tras-hospitalizacion-en-estados-unidos","status":"publish","type":"post","link":"https:\/\/deultimominuto.com\/en\/sports\/football\/james-rodriguez-evoluciona-favorablemente-tras-hospitalizacion-en-estados-unidos\/","title":{"rendered":"James Rodr\u00edguez evoluciona favorablemente tras hospitalizaci\u00f3n en Estados Unidos"},"content":{"rendered":"\n<p class=\"wp-block-paragraph\"><\/p>\n\n\n\n<p class=\"wp-block-paragraph\"><strong>BOGOT\u00c1, COLOMBIA.<\/strong> \u2014 El capit\u00e1n de la selecci\u00f3n colombiana, James Rodr\u00edguez, evoluciona de manera favorable luego de permanecer hospitalizado durante 72 horas en el estado de Minnesota, Estados Unidos, debido a un cuadro de deshidrataci\u00f3n severa, inform\u00f3 la Federaci\u00f3n Colombiana de F\u00fatbol.<\/p>\n\n\n\n<p class=\"wp-block-paragraph\"><strong>Te puede interesar<\/strong>; <a href=\"https:\/\/ab.deultimominuto.net\/deportes\/futbol\/renuncia-el-presidente-del-futbol-italiano-tras-fracaso-rumbo-al-mundial\/\" target=\"_blank\" rel=\"noopener\">Renuncia el presidente del f\u00fatbol italiano tras fracaso rumbo al Mundial<\/a><\/p>\n\n\n\n<p class=\"wp-block-paragraph\">De acuerdo con el comunicado oficial, el mediocampista fue puesto bajo observaci\u00f3n m\u00e9dica tras presentar una afecci\u00f3n de origen no deportivo al d\u00eda siguiente del partido amistoso frente a Francia, disputado en la m\u00e1s reciente fecha FIFA. La federaci\u00f3n aclar\u00f3 que la situaci\u00f3n no est\u00e1 relacionada con lesiones musculares ni con su actividad deportiva, y que la hospitalizaci\u00f3n tuvo un car\u00e1cter preventivo para estabilizar su condici\u00f3n y garantizar su recuperaci\u00f3n.<\/p>\n\n\n\n<p class=\"wp-block-paragraph\">El reporte m\u00e9dico m\u00e1s reciente indica que el jugador presenta una evoluci\u00f3n favorable y una mejor\u00eda constante, lo que ha generado tranquilidad tanto en el entorno de la selecci\u00f3n como entre los aficionados.<\/p>\n\n\n\n<p class=\"wp-block-paragraph\">El cuerpo m\u00e9dico de la selecci\u00f3n colombiana mantiene comunicaci\u00f3n permanente con su club, el Minnesota United FC, con el objetivo de dar seguimiento a su estado de salud y coordinar los pr\u00f3ximos pasos en su proceso de recuperaci\u00f3n.<\/p>\n\n\n\n<p class=\"wp-block-paragraph\">Aunque todav\u00eda no se ha informado una fecha exacta para su regreso a la actividad competitiva, se espera que Rodr\u00edguez contin\u00fae bajo supervisi\u00f3n m\u00e9dica en los pr\u00f3ximos d\u00edas antes de retomar progresivamente los entrenamientos.<\/p>\n\n\n\n<p class=\"wp-block-paragraph\">James Rodr\u00edguez es una de las principales figuras del combinado colombiano y pieza clave dentro del esquema del equipo nacional, por lo que su evoluci\u00f3n m\u00e9dica ser\u00e1 determinante para los pr\u00f3ximos compromisos oficiales de la selecci\u00f3n.<\/p>\n","protected":false},"excerpt":{"rendered":"<p>BOGOT\u00c1, COLOMBIA. \u2014 El capit\u00e1n de la selecci\u00f3n colombiana, James Rodr\u00edguez, evoluciona de manera favorable luego de permanecer hospitalizado durante 72 horas en el estado de Minnesota, Estados Unidos, debido a un cuadro de deshidrataci\u00f3n severa, inform\u00f3 la Federaci\u00f3n Colombiana de F\u00fatbol. Te puede interesar; Renuncia el presidente del f\u00fatbol italiano tras fracaso rumbo al [&hellip;]<\/p>\n","protected":false},"author":3,"featured_media":503745,"comment_status":"open","ping_status":"open","sticky":false,"template":"","format":"standard","meta":{"_acf_changed":false,"_jetpack_newsletter_access":"","_jetpack_dont_email_post_to_subs":false,"_jetpack_newsletter_tier_id":0,"_jetpack_memberships_contains_paywalled_content":false,"_jetpack_memberships_contains_paid_content":false,"footnotes":"","_members_access_role":[],"_members_access_error":""},"categories":[40943],"tags":[611,40420,132],"class_list":["post-503744","post","type-post","status-publish","format-standard","has-post-thumbnail","category-football","tag-deultimominuto","tag-elperiodicodelaverdad","tag-republica-dominicana"],"acf":[],"jetpack_sharing_enabled":true,"jetpack_shortlink":"https:\/\/wp.me\/phj1q1-272U","jetpack_featured_media_url":"https:\/\/deultimominuto.com\/en\/wp-content\/uploads\/sites\/2\/2026\/04\/James-Rodriguez-1.jpeg","dum_api":{"author_name":"EFE","author_image":"https:\/\/deultimominuto.com\/wp-content\/uploads\/2021\/08\/1200px-EFE_logo.svg-96x96.png","categories_name":["Football"],"featured_media_url":"https:\/\/cdn.deultimominuto.com\/en\/wp-content\/uploads\/sites\/2\/2026\/04\/James-Rodriguez-1.jpeg"},"_links":{"self":[{"href":"https:\/\/deultimominuto.com\/en\/wp-json\/wp\/v2\/posts\/503744","targetHints":{"allow":["GET"]}}],"collection":[{"href":"https:\/\/deultimominuto.com\/en\/wp-json\/wp\/v2\/posts"}],"about":[{"href":"https:\/\/deultimominuto.com\/en\/wp-json\/wp\/v2\/types\/post"}],"author":[{"embeddable":true,"href":"https:\/\/deultimominuto.com\/en\/wp-json\/wp\/v2\/users\/3"}],"replies":[{"embeddable":true,"href":"https:\/\/deultimominuto.com\/en\/wp-json\/wp\/v2\/comments?post=503744"}],"version-history":[{"count":0,"href":"https:\/\/deultimominuto.com\/en\/wp-json\/wp\/v2\/posts\/503744\/revisions"}],"wp:featuredmedia":[{"embeddable":true,"href":"https:\/\/deultimominuto.com\/en\/wp-json\/wp\/v2\/media\/503745"}],"wp:attachment":[{"href":"https:\/\/deultimominuto.com\/en\/wp-json\/wp\/v2\/media?parent=503744"}],"wp:term":[{"taxonomy":"category","embeddable":true,"href":"https:\/\/deultimominuto.com\/en\/wp-json\/wp\/v2\/categories?post=503744"},{"taxonomy":"post_tag","embeddable":true,"href":"https:\/\/deultimominuto.com\/en\/wp-json\/wp\/v2\/tags?post=503744"}],"curies":[{"name":"wp","href":"https:\/\/api.w.org\/{rel}","templated":true}]}}