{"id":503828,"date":"2026-04-03T13:59:58","date_gmt":"2026-04-03T17:59:58","guid":{"rendered":"https:\/\/deultimominuto.net\/en\/uncategorized\/ambiente-familiar-y-recreativo-se-vive-en-playa-boca-chica-durante-asueto-de-semana-santa\/"},"modified":"2026-04-03T13:59:58","modified_gmt":"2026-04-03T17:59:58","slug":"ambiente-familiar-y-recreativo-se-vive-en-playa-boca-chica-durante-asueto-de-semana-santa","status":"publish","type":"post","link":"https:\/\/deultimominuto.com\/en\/uncategorized\/ambiente-familiar-y-recreativo-se-vive-en-playa-boca-chica-durante-asueto-de-semana-santa\/","title":{"rendered":"Ambiente familiar y recreativo se vive en playa Boca Chica durante asueto de Semana Santa"},"content":{"rendered":"\n<p class=\"wp-block-paragraph\"><strong>Santo Domingo. \u2013 <\/strong>Decenas de ciudadanos se han dado cita en la playa de Boca Chica para disfrutar del asueto de Semana Santa en un ambiente marcado por la recreaci\u00f3n y el compartir familiar.<\/p>\n\n\n\n<p class=\"wp-block-paragraph\">Desde horas, llegaron los visitantes acompa\u00f1ados de familiares y amigos para disfrutar del mar, as\u00ed como de la gastronom\u00eda t\u00edpica que caracteriza esta zona tur\u00edstica.<\/p>\n\n\n\n<p class=\"wp-block-paragraph\">Algunos turistas internacionales tambi\u00e9n aprovecharon la ocasi\u00f3n para conocer el destino.<\/p>\n\n\n\n<p class=\"wp-block-paragraph\"><em>\u201dEs la primera vez que vengo a la Rep\u00fablica Dominicana desde M\u00e9xico, ha sido una experiencia espectacular; todo me ha gustado, sobre todo la gente, son muy amables\u201d,<\/em> expres\u00f3 Juan.<\/p>\n\n\n\n<p class=\"wp-block-paragraph\">De igual forma, Martha, quien tambi\u00e9n visita el pa\u00eds por primera vez desde M\u00e9xico, valor\u00f3 positivamente su experiencia.<\/p>\n\n\n\n<p class=\"wp-block-paragraph\">Recomendamos leer:<br><\/p>\n\n\n\n<p class=\"wp-block-paragraph\"><em>\u201dEst\u00e1 bello su pa\u00eds, la comida muy rica, la playa espectacular y la seguridad tambi\u00e9n muy bien\u201d,<\/em> coment\u00f3.<\/p>\n\n\n\n<p class=\"wp-block-paragraph\">Asimismo, ciudadanos destacaron que este espacio se convierte en una opci\u00f3n accesible para quienes deciden permanecer cerca de la ciudad durante la Semana Mayor.<\/p>\n\n\n\n<p class=\"wp-block-paragraph\"><em>\u201dVenimos a pasar un momento agradable con compa\u00f1eros y vecinos; generalmente vengo a Boca Chica en Semana Santa a disfrutar\u201d,<\/em> expres\u00f3 uno de los visitantes.<\/p>\n\n\n\n<p class=\"wp-block-paragraph\">Las autoridades mantienen presencia en la zona, haciendo \u00e9nfasis en el cumplimiento de las medidas de seguridad, con el objetivo de garantizar un ambiente seguro para todos los visitantes.<\/p>\n","protected":false},"excerpt":{"rendered":"<p>Santo Domingo. \u2013 Decenas de ciudadanos se han dado cita en la playa de Boca Chica para disfrutar del asueto de Semana Santa en un ambiente marcado por la recreaci\u00f3n y el compartir familiar. Desde horas, llegaron los visitantes acompa\u00f1ados de familiares y amigos para disfrutar del mar, as\u00ed como de la gastronom\u00eda t\u00edpica que [&hellip;]<\/p>\n","protected":false},"author":133556,"featured_media":0,"comment_status":"open","ping_status":"open","sticky":false,"template":"","format":"standard","meta":{"_acf_changed":false,"_jetpack_newsletter_access":"","_jetpack_dont_email_post_to_subs":false,"_jetpack_newsletter_tier_id":0,"_jetpack_memberships_contains_paywalled_content":false,"_jetpack_memberships_contains_paid_content":false,"footnotes":"","_members_access_role":[],"_members_access_error":""},"categories":[1],"tags":[],"class_list":["post-503828","post","type-post","status-publish","format-standard","category-uncategorized"],"acf":[],"jetpack_sharing_enabled":true,"jetpack_shortlink":"https:\/\/wp.me\/phj1q1-274g","jetpack_featured_media_url":"","dum_api":{"author_name":"Yerandi Santana","author_image":"https:\/\/deultimominuto.com\/wp-content\/uploads\/2026\/02\/cropped-WhatsApp-Image-2026-02-13-at-5.35.07-PM-96x96.jpeg","categories_name":["Uncategorized"],"featured_media_url":null},"_links":{"self":[{"href":"https:\/\/deultimominuto.com\/en\/wp-json\/wp\/v2\/posts\/503828","targetHints":{"allow":["GET"]}}],"collection":[{"href":"https:\/\/deultimominuto.com\/en\/wp-json\/wp\/v2\/posts"}],"about":[{"href":"https:\/\/deultimominuto.com\/en\/wp-json\/wp\/v2\/types\/post"}],"author":[{"embeddable":true,"href":"https:\/\/deultimominuto.com\/en\/wp-json\/wp\/v2\/users\/133556"}],"replies":[{"embeddable":true,"href":"https:\/\/deultimominuto.com\/en\/wp-json\/wp\/v2\/comments?post=503828"}],"version-history":[{"count":0,"href":"https:\/\/deultimominuto.com\/en\/wp-json\/wp\/v2\/posts\/503828\/revisions"}],"wp:attachment":[{"href":"https:\/\/deultimominuto.com\/en\/wp-json\/wp\/v2\/media?parent=503828"}],"wp:term":[{"taxonomy":"category","embeddable":true,"href":"https:\/\/deultimominuto.com\/en\/wp-json\/wp\/v2\/categories?post=503828"},{"taxonomy":"post_tag","embeddable":true,"href":"https:\/\/deultimominuto.com\/en\/wp-json\/wp\/v2\/tags?post=503828"}],"curies":[{"name":"wp","href":"https:\/\/api.w.org\/{rel}","templated":true}]}}