{"id":503836,"date":"2026-04-03T15:19:24","date_gmt":"2026-04-03T19:19:24","guid":{"rendered":"https:\/\/deultimominuto.net\/en\/uncategorized\/policia-nacional-y-gobernacion-de-la-romana-coordinan-operativo-de-seguridad-para-semana-mayor-en-la-region-este\/"},"modified":"2026-04-03T15:19:24","modified_gmt":"2026-04-03T19:19:24","slug":"policia-nacional-y-gobernacion-de-la-romana-coordinan-operativo-de-seguridad-para-semana-mayor-en-la-region-este","status":"publish","type":"post","link":"https:\/\/deultimominuto.com\/en\/uncategorized\/policia-nacional-y-gobernacion-de-la-romana-coordinan-operativo-de-seguridad-para-semana-mayor-en-la-region-este\/","title":{"rendered":"Polic\u00eda Nacional y Gobernaci\u00f3n de La Romana coordinan operativo de seguridad para Semana Mayor en la regi\u00f3n Este"},"content":{"rendered":"\n<p class=\"wp-block-paragraph\"><strong>Por Manuel Peralta<\/strong><\/p>\n\n\n\n<p class=\"wp-block-paragraph\"><strong>La Romana. &#8211; <\/strong>El Director Regional Este de la Polic\u00eda Nacional, el General Claudio Gonz\u00e1lez Moquete, sostuvo un importante encuentro de trabajo con la gobernadora provincial, Ivelisse Mercedes M\u00e9ndez, con el objetivo de coordinar y consolidar las estrategias de seguridad que se implementar\u00e1n en toda la zona este del pa\u00eds durante el asueto de la Semana Mayor.<\/p>\n\n\n\n<p class=\"wp-block-paragraph\">\u200bDurante la reuni\u00f3n, ambos funcionarios discutieron el despliegue log\u00edstico necesario para garantizar la tranquilidad de los ciudadanos y visitantes.<\/p>\n\n\n\n<p class=\"wp-block-paragraph\">El enfoque principal radica en el reforzamiento de la vigilancia preventiva en puntos estrat\u00e9gicos, zonas comerciales y \u00e1reas de mayor flujo tur\u00edstico, bajo el marco del operativo preventivo &#8220;Proteger y Servir&#8221;.<\/p>\n\n\n\n<p class=\"wp-block-paragraph\">\u200bComo gesto de respaldo a la labor de los agentes que estar\u00e1n en servicio activo durante las festividades, la gobernadora M\u00e9ndez realiz\u00f3 una donaci\u00f3n de raciones alimenticias crudas.<\/p>\n\n\n\n<p class=\"wp-block-paragraph\">Recomendamos leer:<\/p>\n\n\n\n<p class=\"wp-block-paragraph\">Este aporte est\u00e1 destinado a garantizar la alimentaci\u00f3n del personal policial que trabaja jornadas extendidas en los puestos de control y patrullaje.<\/p>\n\n\n\n<p class=\"wp-block-paragraph\">\u200bPor su parte, el General Gonz\u00e1lez Moquete agradeci\u00f3 y valor\u00f3 la disposici\u00f3n de la gobernadora, destacando que el apoyo interinstitucional es clave para el \u00e9xito de cualquier operativo de seguridad.<\/p>\n\n\n\n<p class=\"wp-block-paragraph\">El alto mando asegur\u00f3 que la Polic\u00eda Nacional mantiene su firme compromiso de mantener el orden p\u00fablico y salvaguardar las vidas y bienes de la regi\u00f3n durante este per\u00edodo de reflexi\u00f3n y descanso.<\/p>\n","protected":false},"excerpt":{"rendered":"<p>Por Manuel Peralta La Romana. &#8211; El Director Regional Este de la Polic\u00eda Nacional, el General Claudio Gonz\u00e1lez Moquete, sostuvo un importante encuentro de trabajo con la gobernadora provincial, Ivelisse Mercedes M\u00e9ndez, con el objetivo de coordinar y consolidar las estrategias de seguridad que se implementar\u00e1n en toda la zona este del pa\u00eds durante el [&hellip;]<\/p>\n","protected":false},"author":133556,"featured_media":0,"comment_status":"open","ping_status":"open","sticky":false,"template":"","format":"standard","meta":{"_acf_changed":false,"_jetpack_newsletter_access":"","_jetpack_dont_email_post_to_subs":false,"_jetpack_newsletter_tier_id":0,"_jetpack_memberships_contains_paywalled_content":false,"_jetpack_memberships_contains_paid_content":false,"footnotes":"","_members_access_role":[],"_members_access_error":""},"categories":[1],"tags":[],"class_list":["post-503836","post","type-post","status-publish","format-standard","category-uncategorized"],"acf":[],"jetpack_sharing_enabled":true,"jetpack_shortlink":"https:\/\/wp.me\/phj1q1-274o","jetpack_featured_media_url":"","dum_api":{"author_name":"Yerandi Santana","author_image":"https:\/\/deultimominuto.com\/wp-content\/uploads\/2026\/02\/cropped-WhatsApp-Image-2026-02-13-at-5.35.07-PM-96x96.jpeg","categories_name":["Uncategorized"],"featured_media_url":null},"_links":{"self":[{"href":"https:\/\/deultimominuto.com\/en\/wp-json\/wp\/v2\/posts\/503836","targetHints":{"allow":["GET"]}}],"collection":[{"href":"https:\/\/deultimominuto.com\/en\/wp-json\/wp\/v2\/posts"}],"about":[{"href":"https:\/\/deultimominuto.com\/en\/wp-json\/wp\/v2\/types\/post"}],"author":[{"embeddable":true,"href":"https:\/\/deultimominuto.com\/en\/wp-json\/wp\/v2\/users\/133556"}],"replies":[{"embeddable":true,"href":"https:\/\/deultimominuto.com\/en\/wp-json\/wp\/v2\/comments?post=503836"}],"version-history":[{"count":0,"href":"https:\/\/deultimominuto.com\/en\/wp-json\/wp\/v2\/posts\/503836\/revisions"}],"wp:attachment":[{"href":"https:\/\/deultimominuto.com\/en\/wp-json\/wp\/v2\/media?parent=503836"}],"wp:term":[{"taxonomy":"category","embeddable":true,"href":"https:\/\/deultimominuto.com\/en\/wp-json\/wp\/v2\/categories?post=503836"},{"taxonomy":"post_tag","embeddable":true,"href":"https:\/\/deultimominuto.com\/en\/wp-json\/wp\/v2\/tags?post=503836"}],"curies":[{"name":"wp","href":"https:\/\/api.w.org\/{rel}","templated":true}]}}