{"id":503870,"date":"2026-04-03T20:14:33","date_gmt":"2026-04-04T00:14:33","guid":{"rendered":"https:\/\/deultimominuto.net\/en\/uncategorized\/la-guerra-de-iran-ha-dejado-13-militares-de-ee-uu-muertos-y-365-heridos-segun-el-pentagono\/"},"modified":"2026-04-03T20:14:33","modified_gmt":"2026-04-04T00:14:33","slug":"la-guerra-de-iran-ha-dejado-13-militares-de-ee-uu-muertos-y-365-heridos-segun-el-pentagono","status":"publish","type":"post","link":"https:\/\/deultimominuto.com\/en\/uncategorized\/la-guerra-de-iran-ha-dejado-13-militares-de-ee-uu-muertos-y-365-heridos-segun-el-pentagono\/","title":{"rendered":"La guerra de Ir\u00e1n ha dejado 13 militares de EE.UU. muertos y 365 heridos, seg\u00fan el Pent\u00e1gono"},"content":{"rendered":"\n<p class=\"wp-block-paragraph\"><strong>Los \u00c1ngeles.- <\/strong>El Pent\u00e1gono revel\u00f3 este viernes detalles de la operaci\u00f3n Furia \u00c9pica contra Ir\u00e1n que se salda hasta hoy con 365 militares estadounidenses heridos y 13 fallecidos en un conflicto desatado el pasado 28 de febrero.<\/p>\n\n\n\n<p class=\"wp-block-paragraph\">Las cifras han sido desglosadas en el Sistema de An\u00e1lisis de Bajas de la Defensa<strong> (DCAS)<\/strong> que explic\u00f3 que del total de 365 efectivos heridos en combate, 247 pertenecen al Ej\u00e9rcito de EE.UU.<\/p>\n\n\n\n<p class=\"wp-block-paragraph\">Otros 63 heridos hacen parte de la Armada, 19 son de la Infanter\u00eda de Marina y 36 de la Fuerza A\u00e9rea.<\/p>\n\n\n\n<p class=\"wp-block-paragraph\">De los 13 fallecidos, siete pertenecen al Ej\u00e9rcito y seis a la Fuerza A\u00e9rea.<\/p>\n\n\n\n<h4 class=\"wp-block-heading\" id=\"h-los-golpes-a-ee-uu-en-la-guerra-de-iran\"><strong>Los golpes a EE.UU. en la guerra de Ir\u00e1n<\/strong><\/h4>\n\n\n\n<p class=\"wp-block-paragraph\">Las cifras reveladas hoy no incluir\u00edan las posibles bajas o heridos ocurridos este viernes cuando las fuerzas iran\u00edes derribaron un caza estadounidense.<\/p>\n\n\n\n<p class=\"wp-block-paragraph\"><a href=\"https:\/\/efe.com\/mundo\/2026-04-03\/iran-derriba-caza-eeuu\/\" target=\"_blank\" rel=\"noopener\">Uno de los tripulantes del caza F-15 atacado por Teher\u00e1n fue rescatado con vida<\/a>, mientras tanto, las fuerzas de EE.UU. siguen trabajando para encontrar a un segundo tripulante, del que no ha trascendido su situaci\u00f3n.<\/p>\n\n\n\n<figure class=\"wp-block-image\"><img decoding=\"async\" src=\"https:\/\/i0.wp.com\/efe.com\/wp-content\/uploads\/2026\/04\/OBJ_20230218T091515S0009I_1_1_1_15_7_4.webp?resize=900%2C600&amp;ssl=1\" alt=\"Guerra Ir\u00e1n EE.UU.\" class=\"wp-image-2605258\" title=\"\"><figcaption class=\"wp-element-caption\">Un soldado del ej\u00e9rcito estadounidense carga un rifle, en una fotograf\u00eda de archivo. EFE\/EPA\/Daniel Irungu<\/figcaption><\/figure>\n\n\n\n<p class=\"wp-block-paragraph\">Al menos cuatro naves estadounidenses fueron alcanzadas por los ataques iran\u00edes, seg\u00fan fuentes militares citadas por NewsMax.<\/p>\n\n\n\n<h4 class=\"wp-block-heading\" id=\"h-aeronaves-impactadas\"><strong>Aeronaves impactadas<\/strong><\/h4>\n\n\n\n<p class=\"wp-block-paragraph\">Dos helic\u00f3pteros militares estadounidenses que participan en las labores de rescate fueron alcanzados por fuego de&nbsp;<a href=\"https:\/\/efe.com\/noticias\/iran\/\" target=\"_blank\" rel=\"noopener\">Ir\u00e1n&nbsp;<\/a>tambi\u00e9n, pero todos los miembros se encuentran a salvo, confirm\u00f3 NBC.<\/p>\n\n\n\n<p class=\"wp-block-paragraph\">Adem\u00e1s, un avi\u00f3n de ataque A-10 Warthog se estrell\u00f3 cerca del estrecho casi al mismo tiempo que el F-15 fue impactado por un ataque iran\u00ed. El \u00fanico piloto que viajaba en la nave fue rescatado por las autoridades estadounidenses.<\/p>\n\n\n\n<figure class=\"wp-block-image\"><img decoding=\"async\" src=\"https:\/\/i0.wp.com\/efe.com\/wp-content\/uploads\/2026\/04\/USA-FA-22-FIGHTER.webp?resize=900%2C592&amp;ssl=1\" alt=\"\" class=\"wp-image-2605265\" title=\"\"><figcaption class=\"wp-element-caption\">El caza F\/A-22 de la Fuerza A\u00e9rea de Estados Unidos (i), realiza un pase sobre Boeing Field con un caza F15, en una fotograf\u00eda de archivo. EFE\/EPA\/Barry Sweet<\/figcaption><\/figure>\n\n\n\n<p class=\"wp-block-paragraph\">El presidente de Estados Unidos, Donald Trump, ha negado hoy que el ataque iran\u00ed vaya a afectar las supuestas negociaciones con Teher\u00e1n.<\/p>\n","protected":false},"excerpt":{"rendered":"<p>Los \u00c1ngeles.- El Pent\u00e1gono revel\u00f3 este viernes detalles de la operaci\u00f3n Furia \u00c9pica contra Ir\u00e1n que se salda hasta hoy con 365 militares estadounidenses heridos y 13 fallecidos en un conflicto desatado el pasado 28 de febrero. Las cifras han sido desglosadas en el Sistema de An\u00e1lisis de Bajas de la Defensa (DCAS) que explic\u00f3 [&hellip;]<\/p>\n","protected":false},"author":111,"featured_media":0,"comment_status":"open","ping_status":"open","sticky":false,"template":"","format":"standard","meta":{"_acf_changed":false,"_jetpack_newsletter_access":"","_jetpack_dont_email_post_to_subs":false,"_jetpack_newsletter_tier_id":0,"_jetpack_memberships_contains_paywalled_content":false,"_jetpack_memberships_contains_paid_content":false,"footnotes":"","_members_access_role":[],"_members_access_error":""},"categories":[1],"tags":[],"class_list":["post-503870","post","type-post","status-publish","format-standard","category-uncategorized"],"acf":[],"jetpack_sharing_enabled":true,"jetpack_shortlink":"https:\/\/wp.me\/phj1q1-274W","jetpack_featured_media_url":"","dum_api":{"author_name":"Ana Laura L\u00f3pez","author_image":"https:\/\/deultimominuto.com\/wp-content\/uploads\/2025\/01\/cropped-WhatsApp-Image-2025-01-29-at-1.45.56-PM-96x96.jpeg","categories_name":["Uncategorized"],"featured_media_url":null},"_links":{"self":[{"href":"https:\/\/deultimominuto.com\/en\/wp-json\/wp\/v2\/posts\/503870","targetHints":{"allow":["GET"]}}],"collection":[{"href":"https:\/\/deultimominuto.com\/en\/wp-json\/wp\/v2\/posts"}],"about":[{"href":"https:\/\/deultimominuto.com\/en\/wp-json\/wp\/v2\/types\/post"}],"author":[{"embeddable":true,"href":"https:\/\/deultimominuto.com\/en\/wp-json\/wp\/v2\/users\/111"}],"replies":[{"embeddable":true,"href":"https:\/\/deultimominuto.com\/en\/wp-json\/wp\/v2\/comments?post=503870"}],"version-history":[{"count":0,"href":"https:\/\/deultimominuto.com\/en\/wp-json\/wp\/v2\/posts\/503870\/revisions"}],"wp:attachment":[{"href":"https:\/\/deultimominuto.com\/en\/wp-json\/wp\/v2\/media?parent=503870"}],"wp:term":[{"taxonomy":"category","embeddable":true,"href":"https:\/\/deultimominuto.com\/en\/wp-json\/wp\/v2\/categories?post=503870"},{"taxonomy":"post_tag","embeddable":true,"href":"https:\/\/deultimominuto.com\/en\/wp-json\/wp\/v2\/tags?post=503870"}],"curies":[{"name":"wp","href":"https:\/\/api.w.org\/{rel}","templated":true}]}}