{"id":503890,"date":"2026-04-04T16:18:56","date_gmt":"2026-04-04T20:18:56","guid":{"rendered":"https:\/\/deultimominuto.net\/en\/uncategorized\/advierten-consecuencias-tras-no-acoger-recomendaciones-del-alcalde-en-las-terrenas-durante-semana-santa-2026\/"},"modified":"2026-04-04T16:20:17","modified_gmt":"2026-04-04T20:20:17","slug":"advierten-consecuencias-tras-no-acoger-recomendaciones-del-alcalde-en-las-terrenas-durante-semana-santa-2026","status":"publish","type":"post","link":"https:\/\/deultimominuto.com\/en\/uncategorized\/advierten-consecuencias-tras-no-acoger-recomendaciones-del-alcalde-en-las-terrenas-durante-semana-santa-2026\/","title":{"rendered":"Advierten consecuencias tras no acoger recomendaciones del alcalde en Las Terrenas durante Semana Santa 2026"},"content":{"rendered":"\n<p class=\"wp-block-paragraph\">Durante la visita de la ministra de Interior y Polic\u00eda a Las Terrenas la semana pasada, el <a href=\"https:\/\/ab.deultimominuto.net\/nacionales\/las-terrenas-el-polo-opuesto\/\" target=\"_blank\" rel=\"noopener\">alcalde<\/a> municipal, Eduardo Esteban, fue enf\u00e1tico al advertir sobre las problem\u00e1ticas que podr\u00edan generarse si no se habilitaban espacios adecuados para recibir a los miles de vacacionistas que se esperaban en el municipio.<\/p>\n\n\n\n<p class=\"wp-block-paragraph\">El ejecutivo municipal plante\u00f3 la necesidad de tomar medidas preventivas que permitieran una mejor organizaci\u00f3n del flujo de visitantes, as\u00ed como evitar situaciones que afectaran la movilidad y la seguridad en la zona.<\/p>\n\n\n\n<p class=\"wp-block-paragraph\">Sin embargo, pese a estas advertencias, la ministra mantuvo su postura, aun despu\u00e9s de escuchar las inquietudes y solicitudes presentadas por el alcalde Eduardo Esteban (Willy).<\/p>\n\n\n\n<p class=\"wp-block-paragraph\">Como resultado, y tal como se hab\u00eda anticipado, en redes sociales se han difundido im\u00e1genes y videos que evidencian grandes aglomeraciones en puntos cr\u00edticos del municipio, provocando la obstrucci\u00f3n de las v\u00edas p\u00fablicas y generando preocupaci\u00f3n entre residentes y visitantes.<\/p>\n\n\n\n<h5 class=\"wp-block-heading\"><strong>Recomendamos leer:<a href=\"https:\/\/ab.deultimominuto.net\/nacionales\/exalcalde-de-las-terrenas\/\" target=\"_blank\" rel=\"noopener\">Exalcalde de Las Terrenas cuestiona medidas de Interior y Polic\u00eda y la pasividad de la Alcald\u00eda<\/a><\/strong><\/h5>\n\n\n\n<p class=\"wp-block-paragraph\">Esta situaci\u00f3n reabre el debate sobre la importancia de la planificaci\u00f3n y coordinaci\u00f3n entre las autoridades para garantizar el orden, la seguridad y una experiencia adecuada durante per\u00edodos de alta afluencia tur\u00edstica como la Semana Santa.<\/p>\n","protected":false},"excerpt":{"rendered":"<p>Durante la visita de la ministra de Interior y Polic\u00eda a Las Terrenas la semana pasada, el alcalde municipal, Eduardo Esteban, fue enf\u00e1tico al advertir sobre las problem\u00e1ticas que podr\u00edan generarse si no se habilitaban espacios adecuados para recibir a los miles de vacacionistas que se esperaban en el municipio. El ejecutivo municipal plante\u00f3 la [&hellip;]<\/p>\n","protected":false},"author":133556,"featured_media":0,"comment_status":"open","ping_status":"open","sticky":false,"template":"","format":"standard","meta":{"_acf_changed":false,"_jetpack_newsletter_access":"","_jetpack_dont_email_post_to_subs":false,"_jetpack_newsletter_tier_id":0,"_jetpack_memberships_contains_paywalled_content":false,"_jetpack_memberships_contains_paid_content":false,"footnotes":"","_members_access_role":[],"_members_access_error":""},"categories":[1],"tags":[],"class_list":["post-503890","post","type-post","status-publish","format-standard","category-uncategorized"],"acf":[],"jetpack_sharing_enabled":true,"jetpack_shortlink":"https:\/\/wp.me\/phj1q1-275g","jetpack_featured_media_url":"","dum_api":{"author_name":"Yerandi Santana","author_image":"https:\/\/deultimominuto.com\/wp-content\/uploads\/2026\/02\/cropped-WhatsApp-Image-2026-02-13-at-5.35.07-PM-96x96.jpeg","categories_name":["Uncategorized"],"featured_media_url":null},"_links":{"self":[{"href":"https:\/\/deultimominuto.com\/en\/wp-json\/wp\/v2\/posts\/503890","targetHints":{"allow":["GET"]}}],"collection":[{"href":"https:\/\/deultimominuto.com\/en\/wp-json\/wp\/v2\/posts"}],"about":[{"href":"https:\/\/deultimominuto.com\/en\/wp-json\/wp\/v2\/types\/post"}],"author":[{"embeddable":true,"href":"https:\/\/deultimominuto.com\/en\/wp-json\/wp\/v2\/users\/133556"}],"replies":[{"embeddable":true,"href":"https:\/\/deultimominuto.com\/en\/wp-json\/wp\/v2\/comments?post=503890"}],"version-history":[{"count":0,"href":"https:\/\/deultimominuto.com\/en\/wp-json\/wp\/v2\/posts\/503890\/revisions"}],"wp:attachment":[{"href":"https:\/\/deultimominuto.com\/en\/wp-json\/wp\/v2\/media?parent=503890"}],"wp:term":[{"taxonomy":"category","embeddable":true,"href":"https:\/\/deultimominuto.com\/en\/wp-json\/wp\/v2\/categories?post=503890"},{"taxonomy":"post_tag","embeddable":true,"href":"https:\/\/deultimominuto.com\/en\/wp-json\/wp\/v2\/tags?post=503890"}],"curies":[{"name":"wp","href":"https:\/\/api.w.org\/{rel}","templated":true}]}}