{"id":503953,"date":"2026-04-05T20:09:47","date_gmt":"2026-04-06T00:09:47","guid":{"rendered":"https:\/\/deultimominuto.net\/en\/uncategorized\/gobierno-refuerza-frontera-y-mantiene-fuerzas-armadas-en-alerta-ante-situacion-en-haiti\/"},"modified":"2026-04-05T20:09:47","modified_gmt":"2026-04-06T00:09:47","slug":"gobierno-refuerza-frontera-y-mantiene-fuerzas-armadas-en-alerta-ante-situacion-en-haiti","status":"publish","type":"post","link":"https:\/\/deultimominuto.com\/en\/uncategorized\/gobierno-refuerza-frontera-y-mantiene-fuerzas-armadas-en-alerta-ante-situacion-en-haiti\/","title":{"rendered":"Gobierno refuerza frontera y mantiene Fuerzas Armadas en alerta ante situaci\u00f3n en Hait\u00ed"},"content":{"rendered":"\n<p class=\"wp-block-paragraph\"><strong>Santo Domingo.\u2013 <\/strong>El presidente Luis Abinader asegur\u00f3 que la Rep\u00fablica Dominicana ha fortalecido la seguridad fronteriza y mantiene a sus Fuerzas Armadas en estado de alerta, ante el complejo panorama que atraviesa Hait\u00ed.<\/p>\n\n\n\n<p class=\"wp-block-paragraph\">La informaci\u00f3n fue ofrecida luego de una reuni\u00f3n del Consejo de Seguridad y Defensa Nacional, en la que se evalu\u00f3 la situaci\u00f3n regional e internacional, incluyendo la llegada de una fuerza multinacional para enfrentar la crisis haitiana.<\/p>\n\n\n\n<p class=\"wp-block-paragraph\">El jefe de Estado reiter\u00f3 que la defensa del territorio nacional es \u201cirrenunciable\u201d y garantiz\u00f3 que el pa\u00eds actuar\u00e1 con determinaci\u00f3n para preservar la seguridad y la estabilidad.<\/p>\n\n\n\n<p class=\"wp-block-paragraph\">Recomendamos leer:<\/p>\n\n\n\n<p class=\"wp-block-paragraph\">El mandatario tambi\u00e9n destac\u00f3 que el proceso de estabilizaci\u00f3n en Hait\u00ed requerir\u00e1 un esfuerzo sostenido de la comunidad internacional.<\/p>\n","protected":false},"excerpt":{"rendered":"<p>Santo Domingo.\u2013 El presidente Luis Abinader asegur\u00f3 que la Rep\u00fablica Dominicana ha fortalecido la seguridad fronteriza y mantiene a sus Fuerzas Armadas en estado de alerta, ante el complejo panorama que atraviesa Hait\u00ed. La informaci\u00f3n fue ofrecida luego de una reuni\u00f3n del Consejo de Seguridad y Defensa Nacional, en la que se evalu\u00f3 la situaci\u00f3n [&hellip;]<\/p>\n","protected":false},"author":133556,"featured_media":0,"comment_status":"open","ping_status":"open","sticky":false,"template":"","format":"standard","meta":{"_acf_changed":false,"_jetpack_newsletter_access":"","_jetpack_dont_email_post_to_subs":false,"_jetpack_newsletter_tier_id":0,"_jetpack_memberships_contains_paywalled_content":false,"_jetpack_memberships_contains_paid_content":false,"footnotes":"","_members_access_role":[],"_members_access_error":""},"categories":[1],"tags":[],"class_list":["post-503953","post","type-post","status-publish","format-standard","category-uncategorized"],"acf":[],"jetpack_sharing_enabled":true,"jetpack_shortlink":"https:\/\/wp.me\/phj1q1-276h","jetpack_featured_media_url":"","dum_api":{"author_name":"Yerandi Santana","author_image":"https:\/\/deultimominuto.com\/wp-content\/uploads\/2026\/02\/cropped-WhatsApp-Image-2026-02-13-at-5.35.07-PM-96x96.jpeg","categories_name":["Uncategorized"],"featured_media_url":null},"_links":{"self":[{"href":"https:\/\/deultimominuto.com\/en\/wp-json\/wp\/v2\/posts\/503953","targetHints":{"allow":["GET"]}}],"collection":[{"href":"https:\/\/deultimominuto.com\/en\/wp-json\/wp\/v2\/posts"}],"about":[{"href":"https:\/\/deultimominuto.com\/en\/wp-json\/wp\/v2\/types\/post"}],"author":[{"embeddable":true,"href":"https:\/\/deultimominuto.com\/en\/wp-json\/wp\/v2\/users\/133556"}],"replies":[{"embeddable":true,"href":"https:\/\/deultimominuto.com\/en\/wp-json\/wp\/v2\/comments?post=503953"}],"version-history":[{"count":0,"href":"https:\/\/deultimominuto.com\/en\/wp-json\/wp\/v2\/posts\/503953\/revisions"}],"wp:attachment":[{"href":"https:\/\/deultimominuto.com\/en\/wp-json\/wp\/v2\/media?parent=503953"}],"wp:term":[{"taxonomy":"category","embeddable":true,"href":"https:\/\/deultimominuto.com\/en\/wp-json\/wp\/v2\/categories?post=503953"},{"taxonomy":"post_tag","embeddable":true,"href":"https:\/\/deultimominuto.com\/en\/wp-json\/wp\/v2\/tags?post=503953"}],"curies":[{"name":"wp","href":"https:\/\/api.w.org\/{rel}","templated":true}]}}