{"id":504006,"date":"2026-04-06T16:40:08","date_gmt":"2026-04-06T20:40:08","guid":{"rendered":"https:\/\/deultimominuto.net\/en\/uncategorized\/decenas-de-ninos-internados-son-sorprendidos-esta-semana-santa-en-el-hospital-pediatrico-hugo-mendoza\/"},"modified":"2026-04-06T16:40:08","modified_gmt":"2026-04-06T20:40:08","slug":"decenas-de-ninos-internados-son-sorprendidos-esta-semana-santa-en-el-hospital-pediatrico-hugo-mendoza","status":"publish","type":"post","link":"https:\/\/deultimominuto.com\/en\/uncategorized\/decenas-de-ninos-internados-son-sorprendidos-esta-semana-santa-en-el-hospital-pediatrico-hugo-mendoza\/","title":{"rendered":"Decenas de ni\u00f1os internados son sorprendidos esta Semana Santa en el Hospital Pedi\u00e1trico Hugo Mendoza"},"content":{"rendered":"\n<p class=\"wp-block-paragraph\"><strong>Santo Domingo Norte.\u2013<\/strong> La Fundaci\u00f3n Juventud por Mi Barrio, en colaboraci\u00f3n con el <a href=\"https:\/\/ab.deultimominuto.net\/enlaces\/\" data-type=\"page\" data-id=\"491852\" target=\"_blank\" rel=\"noopener\"><strong>Centro Cristiano de Oraci\u00f3n EINSOF, <\/strong><\/a>realiz\u00f3 una visita especial a decenas de ni\u00f1os ingresados en el Hospital Pedi\u00e1trico Dr. Hugo Mendoza, ubicado en Villa Mella, con el prop\u00f3sito de llevarles alegr\u00eda, esperanza y un mensaje de fe durante esta Semana Santa.<\/p>\n\n\n\n<p class=\"wp-block-paragraph\">Durante la jornada, los ni\u00f1os recibieron juguetes, meriendas y la animaci\u00f3n de payasos, adem\u00e1s de un momento muy especial: la ense\u00f1anza de la Palabra de Dios. El presidente de la Fundaci\u00f3n Juventud por Mi Barrio, Wilmer A. Figuereo, se\u00f1al\u00f3 que el objetivo de esta iniciativa es \u201cdar esperanza y mostrarles a los ni\u00f1os que, aunque est\u00e9n atravesando un momento dif\u00edcil, nunca est\u00e1n solos\u201d.<\/p>\n\n\n\n<h4 class=\"wp-block-heading\"><strong>Recomendamos leer: <a href=\"https:\/\/ab.deultimominuto.net\/enlaces\/\" data-type=\"page\" data-id=\"491852\" target=\"_blank\" rel=\"noopener\">Condenan a 15 a\u00f1os de prisi\u00f3n a hombre que viol\u00f3 a una mujer tras penetrar a su vivienda a robar<\/a><\/strong><a href=\"https:\/\/ab.deultimominuto.net\/category\/nacionales\/\" target=\"_blank\" rel=\"noopener\"><\/a><\/h4>\n\n\n\n<p class=\"wp-block-paragraph\">La Palabra de Dios fue compartida por los pastores Pedro Fern\u00e1ndez e Indra D\u00edaz de Fern\u00e1ndez, l\u00edderes del Centro Cristiano EINSOF. Asimismo, las din\u00e1micas y actividades recreativas estuvieron a cargo del payaso cristiano Chol\u00edn, quien tambi\u00e9n comparti\u00f3 un mensaje espiritual con los peque\u00f1os.<\/p>\n\n\n\n<p class=\"wp-block-paragraph\">Esta acci\u00f3n conjunta busc\u00f3 brindar un momento de luz y alegr\u00eda a los ni\u00f1os y sus familias, reafirmando el compromiso de ambas instituciones con el bienestar, el apoyo comunitario y la difusi\u00f3n del mensaje de Dios.<\/p>\n","protected":false},"excerpt":{"rendered":"<p>Santo Domingo Norte.\u2013 La Fundaci\u00f3n Juventud por Mi Barrio, en colaboraci\u00f3n con el Centro Cristiano de Oraci\u00f3n EINSOF, realiz\u00f3 una visita especial a decenas de ni\u00f1os ingresados en el Hospital Pedi\u00e1trico Dr. Hugo Mendoza, ubicado en Villa Mella, con el prop\u00f3sito de llevarles alegr\u00eda, esperanza y un mensaje de fe durante esta Semana Santa. Durante [&hellip;]<\/p>\n","protected":false},"author":111,"featured_media":0,"comment_status":"open","ping_status":"open","sticky":false,"template":"","format":"standard","meta":{"_acf_changed":false,"_jetpack_newsletter_access":"","_jetpack_dont_email_post_to_subs":false,"_jetpack_newsletter_tier_id":0,"_jetpack_memberships_contains_paywalled_content":false,"_jetpack_memberships_contains_paid_content":false,"footnotes":"","_members_access_role":[],"_members_access_error":""},"categories":[1],"tags":[],"class_list":["post-504006","post","type-post","status-publish","format-standard","category-uncategorized"],"acf":[],"jetpack_sharing_enabled":true,"jetpack_shortlink":"https:\/\/wp.me\/phj1q1-2778","jetpack_featured_media_url":"","dum_api":{"author_name":"Ana Laura L\u00f3pez","author_image":"https:\/\/deultimominuto.com\/wp-content\/uploads\/2025\/01\/cropped-WhatsApp-Image-2025-01-29-at-1.45.56-PM-96x96.jpeg","categories_name":["Uncategorized"],"featured_media_url":null},"_links":{"self":[{"href":"https:\/\/deultimominuto.com\/en\/wp-json\/wp\/v2\/posts\/504006","targetHints":{"allow":["GET"]}}],"collection":[{"href":"https:\/\/deultimominuto.com\/en\/wp-json\/wp\/v2\/posts"}],"about":[{"href":"https:\/\/deultimominuto.com\/en\/wp-json\/wp\/v2\/types\/post"}],"author":[{"embeddable":true,"href":"https:\/\/deultimominuto.com\/en\/wp-json\/wp\/v2\/users\/111"}],"replies":[{"embeddable":true,"href":"https:\/\/deultimominuto.com\/en\/wp-json\/wp\/v2\/comments?post=504006"}],"version-history":[{"count":0,"href":"https:\/\/deultimominuto.com\/en\/wp-json\/wp\/v2\/posts\/504006\/revisions"}],"wp:attachment":[{"href":"https:\/\/deultimominuto.com\/en\/wp-json\/wp\/v2\/media?parent=504006"}],"wp:term":[{"taxonomy":"category","embeddable":true,"href":"https:\/\/deultimominuto.com\/en\/wp-json\/wp\/v2\/categories?post=504006"},{"taxonomy":"post_tag","embeddable":true,"href":"https:\/\/deultimominuto.com\/en\/wp-json\/wp\/v2\/tags?post=504006"}],"curies":[{"name":"wp","href":"https:\/\/api.w.org\/{rel}","templated":true}]}}