{"id":504046,"date":"2026-04-06T22:00:16","date_gmt":"2026-04-07T02:00:16","guid":{"rendered":"https:\/\/deultimominuto.net\/en\/uncategorized\/comunicador-estarlyn-carela-alerta-sobre-campana-de-descredito-contra-las-terrenas-y-llama-a-una-intervencion-integral-del-destino\/"},"modified":"2026-04-06T22:00:16","modified_gmt":"2026-04-07T02:00:16","slug":"comunicador-estarlyn-carela-alerta-sobre-campana-de-descredito-contra-las-terrenas-y-llama-a-una-intervencion-integral-del-destino","status":"publish","type":"post","link":"https:\/\/deultimominuto.com\/en\/uncategorized\/comunicador-estarlyn-carela-alerta-sobre-campana-de-descredito-contra-las-terrenas-y-llama-a-una-intervencion-integral-del-destino\/","title":{"rendered":"Comunicador Estarlyn Carela alerta sobre campa\u00f1a de descr\u00e9dito contra Las Terrenas y llama a una intervenci\u00f3n integral del destino"},"content":{"rendered":"\n<p class=\"wp-block-paragraph\">El comunicador Estarlyn Carela, director y conductor del programa de televisi\u00f3n <em>Saman\u00e1 en Sinton\u00eda<\/em>, que se transmite por Telenord para toda la regi\u00f3n Nordeste, expres\u00f3 este lunes, durante la emisi\u00f3n de su espacio a las 7:00 de la noche, su firme preocupaci\u00f3n ante lo que defini\u00f3 como una campa\u00f1a de descr\u00e9dito dirigida a erosionar la imagen del destino tur\u00edstico de Las Terrenas.<\/p>\n\n\n\n<p class=\"wp-block-paragraph\">Carela advirti\u00f3 que, si bien el municipio enfrenta desaf\u00edos reales vinculados al ordenamiento territorial, la movilidad y la gesti\u00f3n del crecimiento, en el escenario actual se observa una narrativa creciente que trasciende la cr\u00edtica constructiva y se orienta hacia el descr\u00e9dito del destino, amplificando de forma desproporcionada situaciones puntuales sin el debido contexto.<\/p>\n\n\n\n<p class=\"wp-block-paragraph\">\u201cEl problema no es que se se\u00f1alen las debilidades; el problema es cuando esas debilidades se convierten en herramientas para desacreditar un destino completo\u201d, puntualiz\u00f3.<\/p>\n\n\n\n<p class=\"wp-block-paragraph\">El comunicador subray\u00f3 que este tipo de enfoque no solo distorsiona la realidad, sino que tambi\u00e9n compromete la confianza de visitantes, inversionistas y actores clave del sector tur\u00edstico, en un momento en el que la competitividad de los destinos depende, en gran medida, de su reputaci\u00f3n.<\/p>\n\n\n\n<p class=\"wp-block-paragraph\">En ese sentido, hizo un llamado urgente a que la situaci\u00f3n sea abordada de manera integral, articulando esfuerzos entre las autoridades, el sector privado y la sociedad civil, con el objetivo de transformar las cr\u00edticas en acciones concretas. Destac\u00f3 la necesidad de implementar estrategias claras en materia de regulaci\u00f3n, planificaci\u00f3n urbana, seguridad y sostenibilidad, que permitan encauzar el crecimiento de Las Terrenas sin afectar su esencia.<\/p>\n\n\n\n<p class=\"wp-block-paragraph\">Asimismo, reiter\u00f3 que Las Terrenas contin\u00faa siendo uno de los destinos m\u00e1s valiosos y din\u00e1micos de la provincia de Saman\u00e1, por lo que su desarrollo no puede estar condicionado por narrativas negativas, sino por una visi\u00f3n compartida, responsable y orientada al futuro.<\/p>\n\n\n\n<p class=\"wp-block-paragraph\">Finalmente, Estarlyn Carela insisti\u00f3 en que el pa\u00eds debe apostar por fortalecer sus destinos tur\u00edsticos desde la verdad, la planificaci\u00f3n y la unidad, evitando que campa\u00f1as de descr\u00e9dito debiliten el potencial de territorios que representan una pieza clave para la econom\u00eda y la proyecci\u00f3n internacional de la Rep\u00fablica Dominicana.<\/p>\n","protected":false},"excerpt":{"rendered":"<p>El comunicador Estarlyn Carela, director y conductor del programa de televisi\u00f3n Saman\u00e1 en Sinton\u00eda, que se transmite por Telenord para toda la regi\u00f3n Nordeste, expres\u00f3 este lunes, durante la emisi\u00f3n de su espacio a las 7:00 de la noche, su firme preocupaci\u00f3n ante lo que defini\u00f3 como una campa\u00f1a de descr\u00e9dito dirigida a erosionar la [&hellip;]<\/p>\n","protected":false},"author":111,"featured_media":0,"comment_status":"open","ping_status":"open","sticky":false,"template":"","format":"standard","meta":{"_acf_changed":false,"_jetpack_newsletter_access":"","_jetpack_dont_email_post_to_subs":false,"_jetpack_newsletter_tier_id":0,"_jetpack_memberships_contains_paywalled_content":false,"_jetpack_memberships_contains_paid_content":false,"footnotes":"","_members_access_role":[],"_members_access_error":""},"categories":[1],"tags":[],"class_list":["post-504046","post","type-post","status-publish","format-standard","category-uncategorized"],"acf":[],"jetpack_sharing_enabled":true,"jetpack_shortlink":"https:\/\/wp.me\/phj1q1-277M","jetpack_featured_media_url":"","dum_api":{"author_name":"Ana Laura L\u00f3pez","author_image":"https:\/\/deultimominuto.com\/wp-content\/uploads\/2025\/01\/cropped-WhatsApp-Image-2025-01-29-at-1.45.56-PM-96x96.jpeg","categories_name":["Uncategorized"],"featured_media_url":null},"_links":{"self":[{"href":"https:\/\/deultimominuto.com\/en\/wp-json\/wp\/v2\/posts\/504046","targetHints":{"allow":["GET"]}}],"collection":[{"href":"https:\/\/deultimominuto.com\/en\/wp-json\/wp\/v2\/posts"}],"about":[{"href":"https:\/\/deultimominuto.com\/en\/wp-json\/wp\/v2\/types\/post"}],"author":[{"embeddable":true,"href":"https:\/\/deultimominuto.com\/en\/wp-json\/wp\/v2\/users\/111"}],"replies":[{"embeddable":true,"href":"https:\/\/deultimominuto.com\/en\/wp-json\/wp\/v2\/comments?post=504046"}],"version-history":[{"count":0,"href":"https:\/\/deultimominuto.com\/en\/wp-json\/wp\/v2\/posts\/504046\/revisions"}],"wp:attachment":[{"href":"https:\/\/deultimominuto.com\/en\/wp-json\/wp\/v2\/media?parent=504046"}],"wp:term":[{"taxonomy":"category","embeddable":true,"href":"https:\/\/deultimominuto.com\/en\/wp-json\/wp\/v2\/categories?post=504046"},{"taxonomy":"post_tag","embeddable":true,"href":"https:\/\/deultimominuto.com\/en\/wp-json\/wp\/v2\/tags?post=504046"}],"curies":[{"name":"wp","href":"https:\/\/api.w.org\/{rel}","templated":true}]}}